{"id":8248,"date":"2019-07-25T10:14:48","date_gmt":"2019-07-25T07:14:48","guid":{"rendered":"http:\/\/www.nauhalainen.fi\/wp\/?p=8248"},"modified":"2019-07-25T10:14:48","modified_gmt":"2019-07-25T07:14:48","slug":"seikkailulla-milavidassa","status":"publish","type":"post","link":"http:\/\/www.nauhalainen.fi\/wp\/seikkailulla-milavidassa\/","title":{"rendered":"Seikkailulla Milavidassa"},"content":{"rendered":"<p><strong><em>Tampereen oma kulttuuritarjonta on varsin kattava, sill\u00e4 museoita ja n\u00e4ht\u00e4vyyksi\u00e4 riitt\u00e4\u00e4. Monipuolisuutta tuovat museoiden vaihtuvat ja ajankohtaiset n\u00e4yttelyt, jotka voivat olla t\u00e4ysin erilaisia pysyviiin n\u00e4yttelyihin verrattuna.<\/em><\/strong><\/p>\n<p>L\u00e4hdin j\u00e4lleen kerran Nauhalaisen toimittajana tutustumaan itselleni viel\u00e4 tuntemattomaan museoon. Kohteenani oli N\u00e4silinnassa sijaitseva museo Milavida. Odotukseni t\u00e4t\u00e4 museota kohtaan olivat hyvin korkeat, sill\u00e4 olin kuullut paljon ihailevaa palautetta siit\u00e4.<\/p>\n<p>N\u00e4sinpuistoon kavuttuani eteeni alkoi aueta upea maisema jossa keskell\u00e4 oli N\u00e4silinna itse kaikessa komeudessaan. P\u00e4iv\u00e4 oli sateinen, joten tahdoin p\u00e4\u00e4st\u00e4 m\u00e4\u00e4r\u00e4np\u00e4\u00e4h\u00e4n sukkelaan. Rakennus oli niin n\u00e4ytt\u00e4v\u00e4n n\u00e4k\u00f6inen, ett\u00e4 koin tarpeelliseksi j\u00e4\u00e4d\u00e4 ottamaan siit\u00e4 kuvan. P\u00e4\u00e4ovien vierustalta l\u00f6ytyv\u00e4t mainokset kertoivat siit\u00e4 mit\u00e4 oli Milavidassa luvassa: pysyv\u00e4 n\u00e4yttely Nottbeck-suvusta sek\u00e4 vaihtuvana n\u00e4yttelyn\u00e4 Timo Sarpanevan Ambiente-painokankaita.<img data-recalc-dims=\"1\" loading=\"lazy\" decoding=\"async\" data-attachment-id=\"8249\" data-permalink=\"http:\/\/www.nauhalainen.fi\/wp\/seikkailulla-milavidassa\/sdr-2\/\" data-orig-file=\"https:\/\/i0.wp.com\/www.nauhalainen.fi\/wp\/wp-content\/uploads\/2019\/07\/IMG_20190705_113640.jpg?fit=3968%2C2976\" data-orig-size=\"3968,2976\" data-comments-opened=\"1\" data-image-meta=\"{&quot;aperture&quot;:&quot;0&quot;,&quot;credit&quot;:&quot;&quot;,&quot;camera&quot;:&quot;PRA-LX1&quot;,&quot;caption&quot;:&quot;sdr&quot;,&quot;created_timestamp&quot;:&quot;0&quot;,&quot;copyright&quot;:&quot;&quot;,&quot;focal_length&quot;:&quot;0&quot;,&quot;iso&quot;:&quot;0&quot;,&quot;shutter_speed&quot;:&quot;0&quot;,&quot;title&quot;:&quot;sdr&quot;,&quot;orientation&quot;:&quot;0&quot;}\" data-image-title=\"\" data-image-description=\"\" data-image-caption=\"\" data-medium-file=\"https:\/\/i0.wp.com\/www.nauhalainen.fi\/wp\/wp-content\/uploads\/2019\/07\/IMG_20190705_113640.jpg?fit=300%2C225\" data-large-file=\"https:\/\/i0.wp.com\/www.nauhalainen.fi\/wp\/wp-content\/uploads\/2019\/07\/IMG_20190705_113640.jpg?fit=1024%2C768\" class=\"aligncenter size-large wp-image-8249\" src=\"https:\/\/i0.wp.com\/www.nauhalainen.fi\/wp\/wp-content\/uploads\/2019\/07\/IMG_20190705_113640.jpg?resize=1024%2C768\" alt=\"\" width=\"1024\" height=\"768\" srcset=\"https:\/\/i0.wp.com\/www.nauhalainen.fi\/wp\/wp-content\/uploads\/2019\/07\/IMG_20190705_113640.jpg?resize=1024%2C768 1024w, https:\/\/i0.wp.com\/www.nauhalainen.fi\/wp\/wp-content\/uploads\/2019\/07\/IMG_20190705_113640.jpg?resize=300%2C225 300w, https:\/\/i0.wp.com\/www.nauhalainen.fi\/wp\/wp-content\/uploads\/2019\/07\/IMG_20190705_113640.jpg?resize=768%2C576 768w, https:\/\/i0.wp.com\/www.nauhalainen.fi\/wp\/wp-content\/uploads\/2019\/07\/IMG_20190705_113640.jpg?resize=678%2C509 678w, https:\/\/i0.wp.com\/www.nauhalainen.fi\/wp\/wp-content\/uploads\/2019\/07\/IMG_20190705_113640.jpg?resize=326%2C245 326w, https:\/\/i0.wp.com\/www.nauhalainen.fi\/wp\/wp-content\/uploads\/2019\/07\/IMG_20190705_113640.jpg?resize=80%2C60 80w, https:\/\/i0.wp.com\/www.nauhalainen.fi\/wp\/wp-content\/uploads\/2019\/07\/IMG_20190705_113640.jpg?w=2000 2000w, https:\/\/i0.wp.com\/www.nauhalainen.fi\/wp\/wp-content\/uploads\/2019\/07\/IMG_20190705_113640.jpg?w=3000 3000w\" sizes=\"auto, (max-width: 1000px) 100vw, 1000px\" \/><\/p>\n<p>Sis\u00e4\u00e4n astuessa mielikuvani rakennuksen historiaa huokuvasta sisustustyylist\u00e4 vahvistui hetki hetkelt\u00e4. Suuri eteisaula portakkoineen on vaikuttavan n\u00e4k\u00f6inen ja oman silauksensa sille viel\u00e4 antavat ruudullinen lattia sek\u00e4 ylv\u00e4\u00e4t pilarit.<img data-recalc-dims=\"1\" loading=\"lazy\" decoding=\"async\" data-attachment-id=\"8250\" data-permalink=\"http:\/\/www.nauhalainen.fi\/wp\/seikkailulla-milavidassa\/dav-57\/\" data-orig-file=\"https:\/\/i0.wp.com\/www.nauhalainen.fi\/wp\/wp-content\/uploads\/2019\/07\/IMG_20190705_132451.jpg?fit=3968%2C2976\" data-orig-size=\"3968,2976\" data-comments-opened=\"1\" data-image-meta=\"{&quot;aperture&quot;:&quot;0&quot;,&quot;credit&quot;:&quot;&quot;,&quot;camera&quot;:&quot;PRA-LX1&quot;,&quot;caption&quot;:&quot;dav&quot;,&quot;created_timestamp&quot;:&quot;0&quot;,&quot;copyright&quot;:&quot;&quot;,&quot;focal_length&quot;:&quot;0&quot;,&quot;iso&quot;:&quot;0&quot;,&quot;shutter_speed&quot;:&quot;0&quot;,&quot;title&quot;:&quot;dav&quot;,&quot;orientation&quot;:&quot;0&quot;}\" data-image-title=\"\" data-image-description=\"\" data-image-caption=\"\" data-medium-file=\"https:\/\/i0.wp.com\/www.nauhalainen.fi\/wp\/wp-content\/uploads\/2019\/07\/IMG_20190705_132451.jpg?fit=300%2C225\" data-large-file=\"https:\/\/i0.wp.com\/www.nauhalainen.fi\/wp\/wp-content\/uploads\/2019\/07\/IMG_20190705_132451.jpg?fit=1024%2C768\" class=\"aligncenter size-large wp-image-8250\" src=\"https:\/\/i0.wp.com\/www.nauhalainen.fi\/wp\/wp-content\/uploads\/2019\/07\/IMG_20190705_132451.jpg?resize=1024%2C768\" alt=\"\" width=\"1024\" height=\"768\" srcset=\"https:\/\/i0.wp.com\/www.nauhalainen.fi\/wp\/wp-content\/uploads\/2019\/07\/IMG_20190705_132451.jpg?resize=1024%2C768 1024w, https:\/\/i0.wp.com\/www.nauhalainen.fi\/wp\/wp-content\/uploads\/2019\/07\/IMG_20190705_132451.jpg?resize=300%2C225 300w, https:\/\/i0.wp.com\/www.nauhalainen.fi\/wp\/wp-content\/uploads\/2019\/07\/IMG_20190705_132451.jpg?resize=768%2C576 768w, https:\/\/i0.wp.com\/www.nauhalainen.fi\/wp\/wp-content\/uploads\/2019\/07\/IMG_20190705_132451.jpg?resize=678%2C509 678w, https:\/\/i0.wp.com\/www.nauhalainen.fi\/wp\/wp-content\/uploads\/2019\/07\/IMG_20190705_132451.jpg?resize=326%2C245 326w, https:\/\/i0.wp.com\/www.nauhalainen.fi\/wp\/wp-content\/uploads\/2019\/07\/IMG_20190705_132451.jpg?resize=80%2C60 80w, https:\/\/i0.wp.com\/www.nauhalainen.fi\/wp\/wp-content\/uploads\/2019\/07\/IMG_20190705_132451.jpg?w=2000 2000w, https:\/\/i0.wp.com\/www.nauhalainen.fi\/wp\/wp-content\/uploads\/2019\/07\/IMG_20190705_132451.jpg?w=3000 3000w\" sizes=\"auto, (max-width: 1000px) 100vw, 1000px\" \/><\/p>\n<p>Portaiden yksityiskohtia ihasteltuani p\u00e4\u00e4sin lopulta toiseen kerrokseen, jossa itse museo sijaitsi. Kahdesta n\u00e4yttelyst\u00e4 valitsin Nottbeckit ensimm\u00e4isen\u00e4 tarkasteluun. Jo kierroksen alussa tunsin liit\u00e4v\u00e4ni aivan toiselle aikakaudelle. Museossa on esill\u00e4 vahanukkeja, jotka esitt\u00e4v\u00e4t Nottbeck suvun j\u00e4seni\u00e4. Ne olivat mielest\u00e4ni taidokkaasti tehtyj\u00e4, ja v\u00e4lill\u00e4 teki jopa mieli tarkastaa olan yli, liikahtiko joku. Vahanuket ovat asetelmassa, jossa n\u00e4kyy my\u00f6s ajan mukaista sisustusta ylh\u00e4is\u00f6n tyyliin.<img data-recalc-dims=\"1\" loading=\"lazy\" decoding=\"async\" data-attachment-id=\"8251\" data-permalink=\"http:\/\/www.nauhalainen.fi\/wp\/seikkailulla-milavidassa\/dav-58\/\" data-orig-file=\"https:\/\/i0.wp.com\/www.nauhalainen.fi\/wp\/wp-content\/uploads\/2019\/07\/IMG_20190705_114529.jpg?fit=3968%2C2976\" data-orig-size=\"3968,2976\" data-comments-opened=\"1\" data-image-meta=\"{&quot;aperture&quot;:&quot;0&quot;,&quot;credit&quot;:&quot;&quot;,&quot;camera&quot;:&quot;PRA-LX1&quot;,&quot;caption&quot;:&quot;dav&quot;,&quot;created_timestamp&quot;:&quot;0&quot;,&quot;copyright&quot;:&quot;&quot;,&quot;focal_length&quot;:&quot;0&quot;,&quot;iso&quot;:&quot;0&quot;,&quot;shutter_speed&quot;:&quot;0&quot;,&quot;title&quot;:&quot;dav&quot;,&quot;orientation&quot;:&quot;0&quot;}\" data-image-title=\"\" data-image-description=\"\" data-image-caption=\"\" data-medium-file=\"https:\/\/i0.wp.com\/www.nauhalainen.fi\/wp\/wp-content\/uploads\/2019\/07\/IMG_20190705_114529.jpg?fit=300%2C225\" data-large-file=\"https:\/\/i0.wp.com\/www.nauhalainen.fi\/wp\/wp-content\/uploads\/2019\/07\/IMG_20190705_114529.jpg?fit=1024%2C768\" class=\"aligncenter size-large wp-image-8251\" src=\"https:\/\/i0.wp.com\/www.nauhalainen.fi\/wp\/wp-content\/uploads\/2019\/07\/IMG_20190705_114529.jpg?resize=1024%2C768\" alt=\"\" width=\"1024\" height=\"768\" srcset=\"https:\/\/i0.wp.com\/www.nauhalainen.fi\/wp\/wp-content\/uploads\/2019\/07\/IMG_20190705_114529.jpg?resize=1024%2C768 1024w, https:\/\/i0.wp.com\/www.nauhalainen.fi\/wp\/wp-content\/uploads\/2019\/07\/IMG_20190705_114529.jpg?resize=300%2C225 300w, https:\/\/i0.wp.com\/www.nauhalainen.fi\/wp\/wp-content\/uploads\/2019\/07\/IMG_20190705_114529.jpg?resize=768%2C576 768w, https:\/\/i0.wp.com\/www.nauhalainen.fi\/wp\/wp-content\/uploads\/2019\/07\/IMG_20190705_114529.jpg?resize=678%2C509 678w, https:\/\/i0.wp.com\/www.nauhalainen.fi\/wp\/wp-content\/uploads\/2019\/07\/IMG_20190705_114529.jpg?resize=326%2C245 326w, https:\/\/i0.wp.com\/www.nauhalainen.fi\/wp\/wp-content\/uploads\/2019\/07\/IMG_20190705_114529.jpg?resize=80%2C60 80w, https:\/\/i0.wp.com\/www.nauhalainen.fi\/wp\/wp-content\/uploads\/2019\/07\/IMG_20190705_114529.jpg?w=2000 2000w, https:\/\/i0.wp.com\/www.nauhalainen.fi\/wp\/wp-content\/uploads\/2019\/07\/IMG_20190705_114529.jpg?w=3000 3000w\" sizes=\"auto, (max-width: 1000px) 100vw, 1000px\" \/>Nottbeckien suvusta kerrotaan mielenkiintoisia seikkoja.\u00a0 Heid\u00e4n ylh\u00e4is\u00f6el\u00e4m\u00e4\u00e4ns\u00e4 ei kuulunut juurikaan seurustelua tavallisten paikallisten kanssa. Museon pysyv\u00e4 n\u00e4yttely esittelee Wilhem von Nottbeckin ja h\u00e4nen perheens\u00e4 el\u00e4m\u00e4\u00e4 aina 1900-luvun alkuun asti.<img data-recalc-dims=\"1\" loading=\"lazy\" decoding=\"async\" data-attachment-id=\"8253\" data-permalink=\"http:\/\/www.nauhalainen.fi\/wp\/seikkailulla-milavidassa\/dav-59\/\" data-orig-file=\"https:\/\/i0.wp.com\/www.nauhalainen.fi\/wp\/wp-content\/uploads\/2019\/07\/IMG_20190705_115131.jpg?fit=3968%2C2976\" data-orig-size=\"3968,2976\" data-comments-opened=\"1\" data-image-meta=\"{&quot;aperture&quot;:&quot;0&quot;,&quot;credit&quot;:&quot;&quot;,&quot;camera&quot;:&quot;PRA-LX1&quot;,&quot;caption&quot;:&quot;dav&quot;,&quot;created_timestamp&quot;:&quot;0&quot;,&quot;copyright&quot;:&quot;&quot;,&quot;focal_length&quot;:&quot;0&quot;,&quot;iso&quot;:&quot;0&quot;,&quot;shutter_speed&quot;:&quot;0&quot;,&quot;title&quot;:&quot;dav&quot;,&quot;orientation&quot;:&quot;0&quot;}\" data-image-title=\"\" data-image-description=\"\" data-image-caption=\"\" data-medium-file=\"https:\/\/i0.wp.com\/www.nauhalainen.fi\/wp\/wp-content\/uploads\/2019\/07\/IMG_20190705_115131.jpg?fit=300%2C225\" data-large-file=\"https:\/\/i0.wp.com\/www.nauhalainen.fi\/wp\/wp-content\/uploads\/2019\/07\/IMG_20190705_115131.jpg?fit=1024%2C768\" class=\"aligncenter size-large wp-image-8253\" src=\"https:\/\/i0.wp.com\/www.nauhalainen.fi\/wp\/wp-content\/uploads\/2019\/07\/IMG_20190705_115131.jpg?resize=1024%2C768\" alt=\"\" width=\"1024\" height=\"768\" srcset=\"https:\/\/i0.wp.com\/www.nauhalainen.fi\/wp\/wp-content\/uploads\/2019\/07\/IMG_20190705_115131.jpg?resize=1024%2C768 1024w, https:\/\/i0.wp.com\/www.nauhalainen.fi\/wp\/wp-content\/uploads\/2019\/07\/IMG_20190705_115131.jpg?resize=300%2C225 300w, https:\/\/i0.wp.com\/www.nauhalainen.fi\/wp\/wp-content\/uploads\/2019\/07\/IMG_20190705_115131.jpg?resize=768%2C576 768w, https:\/\/i0.wp.com\/www.nauhalainen.fi\/wp\/wp-content\/uploads\/2019\/07\/IMG_20190705_115131.jpg?resize=678%2C509 678w, https:\/\/i0.wp.com\/www.nauhalainen.fi\/wp\/wp-content\/uploads\/2019\/07\/IMG_20190705_115131.jpg?resize=326%2C245 326w, https:\/\/i0.wp.com\/www.nauhalainen.fi\/wp\/wp-content\/uploads\/2019\/07\/IMG_20190705_115131.jpg?resize=80%2C60 80w, https:\/\/i0.wp.com\/www.nauhalainen.fi\/wp\/wp-content\/uploads\/2019\/07\/IMG_20190705_115131.jpg?w=2000 2000w, https:\/\/i0.wp.com\/www.nauhalainen.fi\/wp\/wp-content\/uploads\/2019\/07\/IMG_20190705_115131.jpg?w=3000 3000w\" sizes=\"auto, (max-width: 1000px) 100vw, 1000px\" \/><\/p>\n<p>Museon tiloista l\u00f6ytyy lis\u00e4ksi huone, jossa voi istahtaa sohvalle ja laittaa tv-ruudulta valitsemansa lyhytelokuvan py\u00f6rim\u00e4\u00e4n. Muutamissa vaihtoehdoissa esitell\u00e4\u00e4n suvun el\u00e4m\u00e4\u00e4 ja kerrotaan muunmuassa N\u00e4silinnan vaiheista Tampereen taistelun aikana. Katsottuani yhden filmeist\u00e4 p\u00e4\u00e4tin siirty\u00e4 kohti vaihtuvaa n\u00e4yttely\u00e4.<\/p>\n<p>Timo Sarpanevan n\u00e4yttelyss\u00e4 esitell\u00e4\u00e4n\u00a0 Ambiente-menetelm\u00e4ll\u00e4 valmistettuja painokankaita. Tosin, kankaat eiv\u00e4t aivan varsinaisesti ole painettuja vaan enemm\u00e4nkin v\u00e4rj\u00e4ttyj\u00e4. Siihen on k\u00e4ytetty kolmivalssista foulard-konetta, johon voidaan kytke\u00e4 erilaisia lis\u00e4varusteita. Menetelm\u00e4 on tehokas ja siin\u00e4 yhdistyy monia hyvi\u00e4 ominaisuuksia:\u00a0 v\u00e4ri tunkeutuu kankaan l\u00e4pi niin hyvin, ettei kankaassa varsinaisesti ole oikeaa ja nurjaa puolta ja kuviointimahdollisuuksia on paljon. V\u00e4rit voidaan painaa kankaaseen yht\u00e4aikaa eik\u00e4 konettakaan tarvitse pys\u00e4ytt\u00e4\u00e4 v\u00e4rien tai mallin vaihtamisen ajaksi. Yksi positiivisimpia puolia on se, ett\u00e4 menetelm\u00e4ll\u00e4 pystyt\u00e4\u00e4n v\u00e4rj\u00e4\u00e4m\u00e4\u00e4n l\u00e4hes mit\u00e4 tahansa kankaita. Menetelm\u00e4 on lis\u00e4ksi edullinen verrattuna filmipainotekniikkaan.<img data-recalc-dims=\"1\" loading=\"lazy\" decoding=\"async\" data-attachment-id=\"8255\" data-permalink=\"http:\/\/www.nauhalainen.fi\/wp\/seikkailulla-milavidassa\/dav-60\/\" data-orig-file=\"https:\/\/i0.wp.com\/www.nauhalainen.fi\/wp\/wp-content\/uploads\/2019\/07\/IMG_20190705_123116.jpg?fit=3968%2C2976\" data-orig-size=\"3968,2976\" data-comments-opened=\"1\" data-image-meta=\"{&quot;aperture&quot;:&quot;0&quot;,&quot;credit&quot;:&quot;&quot;,&quot;camera&quot;:&quot;PRA-LX1&quot;,&quot;caption&quot;:&quot;dav&quot;,&quot;created_timestamp&quot;:&quot;0&quot;,&quot;copyright&quot;:&quot;&quot;,&quot;focal_length&quot;:&quot;0&quot;,&quot;iso&quot;:&quot;0&quot;,&quot;shutter_speed&quot;:&quot;0&quot;,&quot;title&quot;:&quot;dav&quot;,&quot;orientation&quot;:&quot;0&quot;}\" data-image-title=\"\" data-image-description=\"\" data-image-caption=\"\" data-medium-file=\"https:\/\/i0.wp.com\/www.nauhalainen.fi\/wp\/wp-content\/uploads\/2019\/07\/IMG_20190705_123116.jpg?fit=300%2C225\" data-large-file=\"https:\/\/i0.wp.com\/www.nauhalainen.fi\/wp\/wp-content\/uploads\/2019\/07\/IMG_20190705_123116.jpg?fit=1024%2C768\" class=\"aligncenter size-large wp-image-8255\" src=\"https:\/\/i0.wp.com\/www.nauhalainen.fi\/wp\/wp-content\/uploads\/2019\/07\/IMG_20190705_123116.jpg?resize=1024%2C768\" alt=\"\" width=\"1024\" height=\"768\" srcset=\"https:\/\/i0.wp.com\/www.nauhalainen.fi\/wp\/wp-content\/uploads\/2019\/07\/IMG_20190705_123116.jpg?resize=1024%2C768 1024w, https:\/\/i0.wp.com\/www.nauhalainen.fi\/wp\/wp-content\/uploads\/2019\/07\/IMG_20190705_123116.jpg?resize=300%2C225 300w, https:\/\/i0.wp.com\/www.nauhalainen.fi\/wp\/wp-content\/uploads\/2019\/07\/IMG_20190705_123116.jpg?resize=768%2C576 768w, https:\/\/i0.wp.com\/www.nauhalainen.fi\/wp\/wp-content\/uploads\/2019\/07\/IMG_20190705_123116.jpg?resize=678%2C509 678w, https:\/\/i0.wp.com\/www.nauhalainen.fi\/wp\/wp-content\/uploads\/2019\/07\/IMG_20190705_123116.jpg?resize=326%2C245 326w, https:\/\/i0.wp.com\/www.nauhalainen.fi\/wp\/wp-content\/uploads\/2019\/07\/IMG_20190705_123116.jpg?resize=80%2C60 80w, https:\/\/i0.wp.com\/www.nauhalainen.fi\/wp\/wp-content\/uploads\/2019\/07\/IMG_20190705_123116.jpg?w=2000 2000w, https:\/\/i0.wp.com\/www.nauhalainen.fi\/wp\/wp-content\/uploads\/2019\/07\/IMG_20190705_123116.jpg?w=3000 3000w\" sizes=\"auto, (max-width: 1000px) 100vw, 1000px\" \/><\/p>\n<p>Kankaat olivat \u00e4\u00e4rimm\u00e4isen eloisia kaikkine kirkkaine v\u00e4reineen ja ihastuin niihin v\u00e4litt\u00f6m\u00e4sti. Kuviot olivat mielenkiintoisia ja niiss\u00e4 saattoi itse n\u00e4hd\u00e4 esimerksiksi maisemia ja itse ajattelin yhdess\u00e4 kankaassa olevan meri vaahtop\u00e4ineen.\u00a0 Kankaiden ihasteluun meni aikaa useampikin tovi ja olin ilahtunut t\u00e4llaisen n\u00e4yttelyn olemassaolosta.<\/p>\n<div data-carousel-extra='{\"blog_id\":1,\"permalink\":\"http:\\\/\\\/www.nauhalainen.fi\\\/wp\\\/seikkailulla-milavidassa\\\/\"}' id='gallery-1' class='gallery galleryid-8248 gallery-columns-3 gallery-size-thumbnail'><figure class='gallery-item'>\n\t\t\t<div class='gallery-icon landscape'>\n\t\t\t\t<a href='http:\/\/www.nauhalainen.fi\/wp\/seikkailulla-milavidassa\/dav-66\/'><img loading=\"lazy\" decoding=\"async\" width=\"150\" height=\"150\" src=\"https:\/\/i0.wp.com\/www.nauhalainen.fi\/wp\/wp-content\/uploads\/2019\/07\/IMG_20190705_131438.jpg?resize=150%2C150\" class=\"attachment-thumbnail size-thumbnail\" alt=\"\" srcset=\"https:\/\/i0.wp.com\/www.nauhalainen.fi\/wp\/wp-content\/uploads\/2019\/07\/IMG_20190705_131438.jpg?resize=150%2C150 150w, https:\/\/i0.wp.com\/www.nauhalainen.fi\/wp\/wp-content\/uploads\/2019\/07\/IMG_20190705_131438.jpg?zoom=2&amp;resize=150%2C150 300w, https:\/\/i0.wp.com\/www.nauhalainen.fi\/wp\/wp-content\/uploads\/2019\/07\/IMG_20190705_131438.jpg?zoom=3&amp;resize=150%2C150 450w\" sizes=\"auto, (max-width: 150px) 100vw, 150px\" data-attachment-id=\"8267\" data-permalink=\"http:\/\/www.nauhalainen.fi\/wp\/seikkailulla-milavidassa\/dav-66\/\" data-orig-file=\"https:\/\/i0.wp.com\/www.nauhalainen.fi\/wp\/wp-content\/uploads\/2019\/07\/IMG_20190705_131438.jpg?fit=3968%2C2976\" data-orig-size=\"3968,2976\" data-comments-opened=\"1\" data-image-meta=\"{&quot;aperture&quot;:&quot;0&quot;,&quot;credit&quot;:&quot;&quot;,&quot;camera&quot;:&quot;PRA-LX1&quot;,&quot;caption&quot;:&quot;dav&quot;,&quot;created_timestamp&quot;:&quot;0&quot;,&quot;copyright&quot;:&quot;&quot;,&quot;focal_length&quot;:&quot;0&quot;,&quot;iso&quot;:&quot;0&quot;,&quot;shutter_speed&quot;:&quot;0&quot;,&quot;title&quot;:&quot;dav&quot;,&quot;orientation&quot;:&quot;0&quot;}\" data-image-title=\"\" data-image-description=\"\" data-image-caption=\"\" data-medium-file=\"https:\/\/i0.wp.com\/www.nauhalainen.fi\/wp\/wp-content\/uploads\/2019\/07\/IMG_20190705_131438.jpg?fit=300%2C225\" data-large-file=\"https:\/\/i0.wp.com\/www.nauhalainen.fi\/wp\/wp-content\/uploads\/2019\/07\/IMG_20190705_131438.jpg?fit=1024%2C768\" \/><\/a>\n\t\t\t<\/div><\/figure><figure class='gallery-item'>\n\t\t\t<div class='gallery-icon landscape'>\n\t\t\t\t<a href='http:\/\/www.nauhalainen.fi\/wp\/seikkailulla-milavidassa\/dav-65\/'><img loading=\"lazy\" decoding=\"async\" width=\"150\" height=\"150\" src=\"https:\/\/i0.wp.com\/www.nauhalainen.fi\/wp\/wp-content\/uploads\/2019\/07\/IMG_20190705_123329.jpg?resize=150%2C150\" class=\"attachment-thumbnail size-thumbnail\" alt=\"\" srcset=\"https:\/\/i0.wp.com\/www.nauhalainen.fi\/wp\/wp-content\/uploads\/2019\/07\/IMG_20190705_123329.jpg?resize=150%2C150 150w, https:\/\/i0.wp.com\/www.nauhalainen.fi\/wp\/wp-content\/uploads\/2019\/07\/IMG_20190705_123329.jpg?zoom=2&amp;resize=150%2C150 300w, https:\/\/i0.wp.com\/www.nauhalainen.fi\/wp\/wp-content\/uploads\/2019\/07\/IMG_20190705_123329.jpg?zoom=3&amp;resize=150%2C150 450w\" sizes=\"auto, (max-width: 150px) 100vw, 150px\" data-attachment-id=\"8266\" data-permalink=\"http:\/\/www.nauhalainen.fi\/wp\/seikkailulla-milavidassa\/dav-65\/\" data-orig-file=\"https:\/\/i0.wp.com\/www.nauhalainen.fi\/wp\/wp-content\/uploads\/2019\/07\/IMG_20190705_123329.jpg?fit=3968%2C2976\" data-orig-size=\"3968,2976\" data-comments-opened=\"1\" data-image-meta=\"{&quot;aperture&quot;:&quot;0&quot;,&quot;credit&quot;:&quot;&quot;,&quot;camera&quot;:&quot;PRA-LX1&quot;,&quot;caption&quot;:&quot;dav&quot;,&quot;created_timestamp&quot;:&quot;0&quot;,&quot;copyright&quot;:&quot;&quot;,&quot;focal_length&quot;:&quot;0&quot;,&quot;iso&quot;:&quot;0&quot;,&quot;shutter_speed&quot;:&quot;0&quot;,&quot;title&quot;:&quot;dav&quot;,&quot;orientation&quot;:&quot;0&quot;}\" data-image-title=\"\" data-image-description=\"\" data-image-caption=\"\" data-medium-file=\"https:\/\/i0.wp.com\/www.nauhalainen.fi\/wp\/wp-content\/uploads\/2019\/07\/IMG_20190705_123329.jpg?fit=300%2C225\" data-large-file=\"https:\/\/i0.wp.com\/www.nauhalainen.fi\/wp\/wp-content\/uploads\/2019\/07\/IMG_20190705_123329.jpg?fit=1024%2C768\" \/><\/a>\n\t\t\t<\/div><\/figure><figure class='gallery-item'>\n\t\t\t<div class='gallery-icon landscape'>\n\t\t\t\t<a href='http:\/\/www.nauhalainen.fi\/wp\/seikkailulla-milavidassa\/dav-64\/'><img loading=\"lazy\" decoding=\"async\" width=\"150\" height=\"150\" src=\"https:\/\/i0.wp.com\/www.nauhalainen.fi\/wp\/wp-content\/uploads\/2019\/07\/IMG_20190705_123106.jpg?resize=150%2C150\" class=\"attachment-thumbnail size-thumbnail\" alt=\"\" srcset=\"https:\/\/i0.wp.com\/www.nauhalainen.fi\/wp\/wp-content\/uploads\/2019\/07\/IMG_20190705_123106.jpg?resize=150%2C150 150w, https:\/\/i0.wp.com\/www.nauhalainen.fi\/wp\/wp-content\/uploads\/2019\/07\/IMG_20190705_123106.jpg?zoom=2&amp;resize=150%2C150 300w, https:\/\/i0.wp.com\/www.nauhalainen.fi\/wp\/wp-content\/uploads\/2019\/07\/IMG_20190705_123106.jpg?zoom=3&amp;resize=150%2C150 450w\" sizes=\"auto, (max-width: 150px) 100vw, 150px\" data-attachment-id=\"8265\" data-permalink=\"http:\/\/www.nauhalainen.fi\/wp\/seikkailulla-milavidassa\/dav-64\/\" data-orig-file=\"https:\/\/i0.wp.com\/www.nauhalainen.fi\/wp\/wp-content\/uploads\/2019\/07\/IMG_20190705_123106.jpg?fit=3968%2C2976\" data-orig-size=\"3968,2976\" data-comments-opened=\"1\" data-image-meta=\"{&quot;aperture&quot;:&quot;0&quot;,&quot;credit&quot;:&quot;&quot;,&quot;camera&quot;:&quot;PRA-LX1&quot;,&quot;caption&quot;:&quot;dav&quot;,&quot;created_timestamp&quot;:&quot;0&quot;,&quot;copyright&quot;:&quot;&quot;,&quot;focal_length&quot;:&quot;0&quot;,&quot;iso&quot;:&quot;0&quot;,&quot;shutter_speed&quot;:&quot;0&quot;,&quot;title&quot;:&quot;dav&quot;,&quot;orientation&quot;:&quot;0&quot;}\" data-image-title=\"\" data-image-description=\"\" data-image-caption=\"\" data-medium-file=\"https:\/\/i0.wp.com\/www.nauhalainen.fi\/wp\/wp-content\/uploads\/2019\/07\/IMG_20190705_123106.jpg?fit=300%2C225\" data-large-file=\"https:\/\/i0.wp.com\/www.nauhalainen.fi\/wp\/wp-content\/uploads\/2019\/07\/IMG_20190705_123106.jpg?fit=1024%2C768\" \/><\/a>\n\t\t\t<\/div><\/figure><figure class='gallery-item'>\n\t\t\t<div class='gallery-icon landscape'>\n\t\t\t\t<a href='http:\/\/www.nauhalainen.fi\/wp\/seikkailulla-milavidassa\/sdr-3\/'><img loading=\"lazy\" decoding=\"async\" width=\"150\" height=\"150\" src=\"https:\/\/i0.wp.com\/www.nauhalainen.fi\/wp\/wp-content\/uploads\/2019\/07\/IMG_20190705_123041.jpg?resize=150%2C150\" class=\"attachment-thumbnail size-thumbnail\" alt=\"\" srcset=\"https:\/\/i0.wp.com\/www.nauhalainen.fi\/wp\/wp-content\/uploads\/2019\/07\/IMG_20190705_123041.jpg?resize=150%2C150 150w, https:\/\/i0.wp.com\/www.nauhalainen.fi\/wp\/wp-content\/uploads\/2019\/07\/IMG_20190705_123041.jpg?zoom=2&amp;resize=150%2C150 300w, https:\/\/i0.wp.com\/www.nauhalainen.fi\/wp\/wp-content\/uploads\/2019\/07\/IMG_20190705_123041.jpg?zoom=3&amp;resize=150%2C150 450w\" sizes=\"auto, (max-width: 150px) 100vw, 150px\" data-attachment-id=\"8263\" data-permalink=\"http:\/\/www.nauhalainen.fi\/wp\/seikkailulla-milavidassa\/sdr-3\/\" data-orig-file=\"https:\/\/i0.wp.com\/www.nauhalainen.fi\/wp\/wp-content\/uploads\/2019\/07\/IMG_20190705_123041.jpg?fit=3968%2C2976\" data-orig-size=\"3968,2976\" data-comments-opened=\"1\" data-image-meta=\"{&quot;aperture&quot;:&quot;0&quot;,&quot;credit&quot;:&quot;&quot;,&quot;camera&quot;:&quot;PRA-LX1&quot;,&quot;caption&quot;:&quot;sdr&quot;,&quot;created_timestamp&quot;:&quot;0&quot;,&quot;copyright&quot;:&quot;&quot;,&quot;focal_length&quot;:&quot;0&quot;,&quot;iso&quot;:&quot;0&quot;,&quot;shutter_speed&quot;:&quot;0&quot;,&quot;title&quot;:&quot;sdr&quot;,&quot;orientation&quot;:&quot;0&quot;}\" data-image-title=\"\" data-image-description=\"\" data-image-caption=\"\" data-medium-file=\"https:\/\/i0.wp.com\/www.nauhalainen.fi\/wp\/wp-content\/uploads\/2019\/07\/IMG_20190705_123041.jpg?fit=300%2C225\" data-large-file=\"https:\/\/i0.wp.com\/www.nauhalainen.fi\/wp\/wp-content\/uploads\/2019\/07\/IMG_20190705_123041.jpg?fit=1024%2C768\" \/><\/a>\n\t\t\t<\/div><\/figure><figure class='gallery-item'>\n\t\t\t<div class='gallery-icon landscape'>\n\t\t\t\t<a href='http:\/\/www.nauhalainen.fi\/wp\/seikkailulla-milavidassa\/dav-61\/'><img loading=\"lazy\" decoding=\"async\" width=\"150\" height=\"150\" src=\"https:\/\/i0.wp.com\/www.nauhalainen.fi\/wp\/wp-content\/uploads\/2019\/07\/IMG_20190705_123510.jpg?resize=150%2C150\" class=\"attachment-thumbnail size-thumbnail\" alt=\"\" srcset=\"https:\/\/i0.wp.com\/www.nauhalainen.fi\/wp\/wp-content\/uploads\/2019\/07\/IMG_20190705_123510.jpg?resize=150%2C150 150w, https:\/\/i0.wp.com\/www.nauhalainen.fi\/wp\/wp-content\/uploads\/2019\/07\/IMG_20190705_123510.jpg?zoom=2&amp;resize=150%2C150 300w, https:\/\/i0.wp.com\/www.nauhalainen.fi\/wp\/wp-content\/uploads\/2019\/07\/IMG_20190705_123510.jpg?zoom=3&amp;resize=150%2C150 450w\" sizes=\"auto, (max-width: 150px) 100vw, 150px\" data-attachment-id=\"8261\" data-permalink=\"http:\/\/www.nauhalainen.fi\/wp\/seikkailulla-milavidassa\/dav-61\/\" data-orig-file=\"https:\/\/i0.wp.com\/www.nauhalainen.fi\/wp\/wp-content\/uploads\/2019\/07\/IMG_20190705_123510.jpg?fit=3968%2C2976\" data-orig-size=\"3968,2976\" data-comments-opened=\"1\" data-image-meta=\"{&quot;aperture&quot;:&quot;0&quot;,&quot;credit&quot;:&quot;&quot;,&quot;camera&quot;:&quot;PRA-LX1&quot;,&quot;caption&quot;:&quot;dav&quot;,&quot;created_timestamp&quot;:&quot;0&quot;,&quot;copyright&quot;:&quot;&quot;,&quot;focal_length&quot;:&quot;0&quot;,&quot;iso&quot;:&quot;0&quot;,&quot;shutter_speed&quot;:&quot;0&quot;,&quot;title&quot;:&quot;dav&quot;,&quot;orientation&quot;:&quot;0&quot;}\" data-image-title=\"\" data-image-description=\"\" data-image-caption=\"\" data-medium-file=\"https:\/\/i0.wp.com\/www.nauhalainen.fi\/wp\/wp-content\/uploads\/2019\/07\/IMG_20190705_123510.jpg?fit=300%2C225\" data-large-file=\"https:\/\/i0.wp.com\/www.nauhalainen.fi\/wp\/wp-content\/uploads\/2019\/07\/IMG_20190705_123510.jpg?fit=1024%2C768\" \/><\/a>\n\t\t\t<\/div><\/figure><figure class='gallery-item'>\n\t\t\t<div class='gallery-icon landscape'>\n\t\t\t\t<a href='http:\/\/www.nauhalainen.fi\/wp\/seikkailulla-milavidassa\/dav-67\/'><img loading=\"lazy\" decoding=\"async\" width=\"150\" height=\"150\" src=\"https:\/\/i0.wp.com\/www.nauhalainen.fi\/wp\/wp-content\/uploads\/2019\/07\/IMG_20190705_123255.jpg?resize=150%2C150\" class=\"attachment-thumbnail size-thumbnail\" alt=\"\" srcset=\"https:\/\/i0.wp.com\/www.nauhalainen.fi\/wp\/wp-content\/uploads\/2019\/07\/IMG_20190705_123255.jpg?resize=150%2C150 150w, https:\/\/i0.wp.com\/www.nauhalainen.fi\/wp\/wp-content\/uploads\/2019\/07\/IMG_20190705_123255.jpg?zoom=2&amp;resize=150%2C150 300w, https:\/\/i0.wp.com\/www.nauhalainen.fi\/wp\/wp-content\/uploads\/2019\/07\/IMG_20190705_123255.jpg?zoom=3&amp;resize=150%2C150 450w\" sizes=\"auto, (max-width: 150px) 100vw, 150px\" data-attachment-id=\"8268\" data-permalink=\"http:\/\/www.nauhalainen.fi\/wp\/seikkailulla-milavidassa\/dav-67\/\" data-orig-file=\"https:\/\/i0.wp.com\/www.nauhalainen.fi\/wp\/wp-content\/uploads\/2019\/07\/IMG_20190705_123255.jpg?fit=3968%2C2976\" data-orig-size=\"3968,2976\" data-comments-opened=\"1\" data-image-meta=\"{&quot;aperture&quot;:&quot;0&quot;,&quot;credit&quot;:&quot;&quot;,&quot;camera&quot;:&quot;PRA-LX1&quot;,&quot;caption&quot;:&quot;dav&quot;,&quot;created_timestamp&quot;:&quot;0&quot;,&quot;copyright&quot;:&quot;&quot;,&quot;focal_length&quot;:&quot;0&quot;,&quot;iso&quot;:&quot;0&quot;,&quot;shutter_speed&quot;:&quot;0&quot;,&quot;title&quot;:&quot;dav&quot;,&quot;orientation&quot;:&quot;0&quot;}\" data-image-title=\"\" data-image-description=\"\" data-image-caption=\"\" data-medium-file=\"https:\/\/i0.wp.com\/www.nauhalainen.fi\/wp\/wp-content\/uploads\/2019\/07\/IMG_20190705_123255.jpg?fit=300%2C225\" data-large-file=\"https:\/\/i0.wp.com\/www.nauhalainen.fi\/wp\/wp-content\/uploads\/2019\/07\/IMG_20190705_123255.jpg?fit=1024%2C768\" \/><\/a>\n\t\t\t<\/div><\/figure><figure class='gallery-item'>\n\t\t\t<div class='gallery-icon landscape'>\n\t\t\t\t<a href='http:\/\/www.nauhalainen.fi\/wp\/seikkailulla-milavidassa\/dav-68\/'><img loading=\"lazy\" decoding=\"async\" width=\"150\" height=\"150\" src=\"https:\/\/i0.wp.com\/www.nauhalainen.fi\/wp\/wp-content\/uploads\/2019\/07\/IMG_20190705_123343.jpg?resize=150%2C150\" class=\"attachment-thumbnail size-thumbnail\" alt=\"\" srcset=\"https:\/\/i0.wp.com\/www.nauhalainen.fi\/wp\/wp-content\/uploads\/2019\/07\/IMG_20190705_123343.jpg?resize=150%2C150 150w, https:\/\/i0.wp.com\/www.nauhalainen.fi\/wp\/wp-content\/uploads\/2019\/07\/IMG_20190705_123343.jpg?zoom=2&amp;resize=150%2C150 300w, https:\/\/i0.wp.com\/www.nauhalainen.fi\/wp\/wp-content\/uploads\/2019\/07\/IMG_20190705_123343.jpg?zoom=3&amp;resize=150%2C150 450w\" sizes=\"auto, (max-width: 150px) 100vw, 150px\" data-attachment-id=\"8269\" data-permalink=\"http:\/\/www.nauhalainen.fi\/wp\/seikkailulla-milavidassa\/dav-68\/\" data-orig-file=\"https:\/\/i0.wp.com\/www.nauhalainen.fi\/wp\/wp-content\/uploads\/2019\/07\/IMG_20190705_123343.jpg?fit=3968%2C2976\" data-orig-size=\"3968,2976\" data-comments-opened=\"1\" data-image-meta=\"{&quot;aperture&quot;:&quot;0&quot;,&quot;credit&quot;:&quot;&quot;,&quot;camera&quot;:&quot;PRA-LX1&quot;,&quot;caption&quot;:&quot;dav&quot;,&quot;created_timestamp&quot;:&quot;0&quot;,&quot;copyright&quot;:&quot;&quot;,&quot;focal_length&quot;:&quot;0&quot;,&quot;iso&quot;:&quot;0&quot;,&quot;shutter_speed&quot;:&quot;0&quot;,&quot;title&quot;:&quot;dav&quot;,&quot;orientation&quot;:&quot;0&quot;}\" data-image-title=\"\" data-image-description=\"\" data-image-caption=\"\" data-medium-file=\"https:\/\/i0.wp.com\/www.nauhalainen.fi\/wp\/wp-content\/uploads\/2019\/07\/IMG_20190705_123343.jpg?fit=300%2C225\" data-large-file=\"https:\/\/i0.wp.com\/www.nauhalainen.fi\/wp\/wp-content\/uploads\/2019\/07\/IMG_20190705_123343.jpg?fit=1024%2C768\" \/><\/a>\n\t\t\t<\/div><\/figure><figure class='gallery-item'>\n\t\t\t<div class='gallery-icon landscape'>\n\t\t\t\t<a href='http:\/\/www.nauhalainen.fi\/wp\/seikkailulla-milavidassa\/dig-4\/'><img loading=\"lazy\" decoding=\"async\" width=\"150\" height=\"150\" src=\"https:\/\/i0.wp.com\/www.nauhalainen.fi\/wp\/wp-content\/uploads\/2019\/07\/IMG_20190705_123655.jpg?resize=150%2C150\" class=\"attachment-thumbnail size-thumbnail\" alt=\"\" srcset=\"https:\/\/i0.wp.com\/www.nauhalainen.fi\/wp\/wp-content\/uploads\/2019\/07\/IMG_20190705_123655.jpg?resize=150%2C150 150w, https:\/\/i0.wp.com\/www.nauhalainen.fi\/wp\/wp-content\/uploads\/2019\/07\/IMG_20190705_123655.jpg?zoom=2&amp;resize=150%2C150 300w, https:\/\/i0.wp.com\/www.nauhalainen.fi\/wp\/wp-content\/uploads\/2019\/07\/IMG_20190705_123655.jpg?zoom=3&amp;resize=150%2C150 450w\" sizes=\"auto, (max-width: 150px) 100vw, 150px\" data-attachment-id=\"8270\" data-permalink=\"http:\/\/www.nauhalainen.fi\/wp\/seikkailulla-milavidassa\/dig-4\/\" data-orig-file=\"https:\/\/i0.wp.com\/www.nauhalainen.fi\/wp\/wp-content\/uploads\/2019\/07\/IMG_20190705_123655.jpg?fit=3968%2C2976\" data-orig-size=\"3968,2976\" data-comments-opened=\"1\" data-image-meta=\"{&quot;aperture&quot;:&quot;0&quot;,&quot;credit&quot;:&quot;&quot;,&quot;camera&quot;:&quot;PRA-LX1&quot;,&quot;caption&quot;:&quot;dig&quot;,&quot;created_timestamp&quot;:&quot;0&quot;,&quot;copyright&quot;:&quot;&quot;,&quot;focal_length&quot;:&quot;0&quot;,&quot;iso&quot;:&quot;0&quot;,&quot;shutter_speed&quot;:&quot;0&quot;,&quot;title&quot;:&quot;dig&quot;,&quot;orientation&quot;:&quot;0&quot;}\" data-image-title=\"\" data-image-description=\"\" data-image-caption=\"\" data-medium-file=\"https:\/\/i0.wp.com\/www.nauhalainen.fi\/wp\/wp-content\/uploads\/2019\/07\/IMG_20190705_123655.jpg?fit=300%2C225\" data-large-file=\"https:\/\/i0.wp.com\/www.nauhalainen.fi\/wp\/wp-content\/uploads\/2019\/07\/IMG_20190705_123655.jpg?fit=1024%2C768\" \/><\/a>\n\t\t\t<\/div><\/figure><figure class='gallery-item'>\n\t\t\t<div class='gallery-icon landscape'>\n\t\t\t\t<a href='http:\/\/www.nauhalainen.fi\/wp\/seikkailulla-milavidassa\/dav-69\/'><img loading=\"lazy\" decoding=\"async\" width=\"150\" height=\"150\" src=\"https:\/\/i0.wp.com\/www.nauhalainen.fi\/wp\/wp-content\/uploads\/2019\/07\/IMG_20190705_123132.jpg?resize=150%2C150\" class=\"attachment-thumbnail size-thumbnail\" alt=\"\" srcset=\"https:\/\/i0.wp.com\/www.nauhalainen.fi\/wp\/wp-content\/uploads\/2019\/07\/IMG_20190705_123132.jpg?resize=150%2C150 150w, https:\/\/i0.wp.com\/www.nauhalainen.fi\/wp\/wp-content\/uploads\/2019\/07\/IMG_20190705_123132.jpg?zoom=2&amp;resize=150%2C150 300w, https:\/\/i0.wp.com\/www.nauhalainen.fi\/wp\/wp-content\/uploads\/2019\/07\/IMG_20190705_123132.jpg?zoom=3&amp;resize=150%2C150 450w\" sizes=\"auto, (max-width: 150px) 100vw, 150px\" data-attachment-id=\"8271\" data-permalink=\"http:\/\/www.nauhalainen.fi\/wp\/seikkailulla-milavidassa\/dav-69\/\" data-orig-file=\"https:\/\/i0.wp.com\/www.nauhalainen.fi\/wp\/wp-content\/uploads\/2019\/07\/IMG_20190705_123132.jpg?fit=3968%2C2976\" data-orig-size=\"3968,2976\" data-comments-opened=\"1\" data-image-meta=\"{&quot;aperture&quot;:&quot;0&quot;,&quot;credit&quot;:&quot;&quot;,&quot;camera&quot;:&quot;PRA-LX1&quot;,&quot;caption&quot;:&quot;dav&quot;,&quot;created_timestamp&quot;:&quot;0&quot;,&quot;copyright&quot;:&quot;&quot;,&quot;focal_length&quot;:&quot;0&quot;,&quot;iso&quot;:&quot;0&quot;,&quot;shutter_speed&quot;:&quot;0&quot;,&quot;title&quot;:&quot;dav&quot;,&quot;orientation&quot;:&quot;0&quot;}\" data-image-title=\"\" data-image-description=\"\" data-image-caption=\"\" data-medium-file=\"https:\/\/i0.wp.com\/www.nauhalainen.fi\/wp\/wp-content\/uploads\/2019\/07\/IMG_20190705_123132.jpg?fit=300%2C225\" data-large-file=\"https:\/\/i0.wp.com\/www.nauhalainen.fi\/wp\/wp-content\/uploads\/2019\/07\/IMG_20190705_123132.jpg?fit=1024%2C768\" \/><\/a>\n\t\t\t<\/div><\/figure>\n\t\t<\/div>\n\n<p>Kokemuksena Milavida ja koko N\u00e4silinna oli mielipiteit\u00e4 her\u00e4tt\u00e4v\u00e4 ja antoisa. Koin n\u00e4yttelyt mielekk\u00e4in\u00e4 ja hyvin toteutettuina. Itse N\u00e4silinna historiallisella habituksellaan taas avasi silm\u00e4t kaupunkimme hienoimmista helmist\u00e4.\u00a0 N\u00e4silinna kannattaa n\u00e4hd\u00e4 ja kokea itse.<\/p>\n<p>L\u00e4hteet:<\/p>\n<p><a href=\"http:\/\/museomilavida.fi\/museo-milavida\/nayttelyt\/nottbeckit\">Museo Milavidan sivut<\/a><\/p>\n<p><a href=\"https:\/\/fi.wikipedia.org\/wiki\/Wilhelm_von_Nottbeck\">Wikipedia artikkeli Wilhem von Nottbeckist<\/a>\u00e4<\/p>\n<p><a href=\"https:\/\/tallipiha.fi\/wilhelm-von-nottbeck\">Tallipihan artikkeli Wilhem von Nottbeckist\u00e4<\/a><\/p>\n<p>&nbsp;<\/p>\n<p>&nbsp;<\/p>\n<p>&nbsp;<\/p>\n<p>Teksti ja kuvat: Jenni Salonen<\/p>\n","protected":false},"excerpt":{"rendered":"<div class=\"mh-excerpt\"><p>Tampereen oma kulttuuritarjonta on varsin kattava, sill\u00e4 museoita ja n\u00e4ht\u00e4vyyksi\u00e4 riitt\u00e4\u00e4. Monipuolisuutta tuovat museoiden vaihtuvat ja ajankohtaiset n\u00e4yttelyt, jotka voivat olla t\u00e4ysin erilaisia pysyviiin n\u00e4yttelyihin verrattuna. <a class=\"mh-excerpt-more\" href=\"http:\/\/www.nauhalainen.fi\/wp\/seikkailulla-milavidassa\/\" title=\"Seikkailulla Milavidassa\">[&#8230;]<\/a><\/p>\n<\/div>","protected":false},"author":4,"featured_media":8414,"comment_status":"open","ping_status":"open","sticky":false,"template":"","format":"standard","meta":{"jetpack_post_was_ever_published":false,"_jetpack_newsletter_access":"","_jetpack_dont_email_post_to_subs":false,"_jetpack_newsletter_tier_id":0,"_jetpack_memberships_contains_paywalled_content":false,"_jetpack_memberships_contains_paid_content":false,"footnotes":"","jetpack_publicize_message":"","jetpack_publicize_feature_enabled":true,"jetpack_social_post_already_shared":true,"jetpack_social_options":{"image_generator_settings":{"template":"highway","enabled":false},"version":2}},"categories":[412,34,408],"tags":[641,199,145],"class_list":{"0":"post-8248","1":"post","2":"type-post","3":"status-publish","4":"format-standard","5":"has-post-thumbnail","7":"category-historia-ja-yhteiskunta","8":"category-kulttuuri","9":"category-taide","10":"tag-milavida","11":"tag-museo","12":"tag-tampere"},"jetpack_publicize_connections":[],"jetpack_featured_media_url":"https:\/\/i0.wp.com\/www.nauhalainen.fi\/wp\/wp-content\/uploads\/2019\/07\/IMG_20190705_113705.jpg?fit=3968%2C2976","jetpack_sharing_enabled":true,"jetpack_shortlink":"https:\/\/wp.me\/pa0EdI-292","jetpack-related-posts":[],"_links":{"self":[{"href":"http:\/\/www.nauhalainen.fi\/wp\/wp-json\/wp\/v2\/posts\/8248","targetHints":{"allow":["GET"]}}],"collection":[{"href":"http:\/\/www.nauhalainen.fi\/wp\/wp-json\/wp\/v2\/posts"}],"about":[{"href":"http:\/\/www.nauhalainen.fi\/wp\/wp-json\/wp\/v2\/types\/post"}],"author":[{"embeddable":true,"href":"http:\/\/www.nauhalainen.fi\/wp\/wp-json\/wp\/v2\/users\/4"}],"replies":[{"embeddable":true,"href":"http:\/\/www.nauhalainen.fi\/wp\/wp-json\/wp\/v2\/comments?post=8248"}],"version-history":[{"count":13,"href":"http:\/\/www.nauhalainen.fi\/wp\/wp-json\/wp\/v2\/posts\/8248\/revisions"}],"predecessor-version":[{"id":8415,"href":"http:\/\/www.nauhalainen.fi\/wp\/wp-json\/wp\/v2\/posts\/8248\/revisions\/8415"}],"wp:featuredmedia":[{"embeddable":true,"href":"http:\/\/www.nauhalainen.fi\/wp\/wp-json\/wp\/v2\/media\/8414"}],"wp:attachment":[{"href":"http:\/\/www.nauhalainen.fi\/wp\/wp-json\/wp\/v2\/media?parent=8248"}],"wp:term":[{"taxonomy":"category","embeddable":true,"href":"http:\/\/www.nauhalainen.fi\/wp\/wp-json\/wp\/v2\/categories?post=8248"},{"taxonomy":"post_tag","embeddable":true,"href":"http:\/\/www.nauhalainen.fi\/wp\/wp-json\/wp\/v2\/tags?post=8248"}],"curies":[{"name":"wp","href":"https:\/\/api.w.org\/{rel}","templated":true}]}}