{"id":7857,"date":"2019-06-13T10:22:00","date_gmt":"2019-06-13T07:22:00","guid":{"rendered":"http:\/\/www.nauhalainen.fi\/wp\/?p=7857"},"modified":"2019-06-13T11:22:31","modified_gmt":"2019-06-13T08:22:31","slug":"helmi-tampereen-ytimessa","status":"publish","type":"post","link":"http:\/\/www.nauhalainen.fi\/wp\/helmi-tampereen-ytimessa\/","title":{"rendered":"Helmi Tampereen ytimess\u00e4"},"content":{"rendered":"<p style=\"text-align: justify;\"><em><strong>Nauhalaisen toimitus sai hienon mahdollisuuden p\u00e4\u00e4st\u00e4 tutustumaan aivan Tampereen keskustan tuntumassa sijaitsevaan Amurin ty\u00f6l\u00e4ismuseokortteliin. Museon rakennuksista huokuu aidosti mennyt aika ja el\u00e4m\u00e4, aivan kuin aika olisi todella pys\u00e4htynyt.<\/strong><\/em><\/p>\n<p style=\"text-align: justify;\">Puutalokortteleita alettiin rakentamaan Amuriin vuonna 1860, sill\u00e4 asunnoille oli yh\u00e4 enemm\u00e4n tarvetta ty\u00f6v\u00e4est\u00f6n kasvaessa samalla, kun teollisuus oli vahvasti nousussa. Amurin ty\u00f6l\u00e4ismuseokortteli on n\u00e4ilt\u00e4 ajoilta ainut j\u00e4ljell\u00e4 oleva kortteli. Sielt\u00e4 l\u00f6ytyy nelj\u00e4 pienemp\u00e4\u00e4 piharakennusta sek\u00e4 viisi, alkuper\u00e4isill\u00e4 paikoillaan olevaa asuinrakennusta.<\/p>\n<p style=\"text-align: justify;\">H\u00e4meen museoseuran toimesta her\u00e4si 1950-luvulla ehdotus, ett\u00e4 Tampereelle olisi hyv\u00e4 saada ulkomuseo. Idea eli ajan my\u00f6t\u00e4 ja lopulta 1960-luvulle siirrytt\u00e4ess\u00e4 ajatus oli muotoutunut ty\u00f6l\u00e4iskotimuseoksi. Sopivasti vuonna 1965 laadittiin Amurin alueesta uusi asemakaava, josta kaupunki p\u00e4\u00e4tyikin varaamaan kokonaisen korttelin museok\u00e4ytt\u00f6\u00f6n. Ensimm\u00e4inen askel korttelin rakentamisesta museoksi oli se, kun sen Osuusliike i.l avattiin museoksi vuonna 1975. Sit\u00e4 varten Tampereen kaupunki oli saanut\u00a0 tarpeellista kalustoa ja esineit\u00e4 lahjoituksena Kulutusosuuskuntien Keskusliitolta. Juuri heid\u00e4n toiveestaan\u00a0 kyseinen museo avattiin juuri vuonna 1975, sill\u00e4 silloin Osuusliike Voima ja koko E-osuuskauppaliike t\u00e4yttiv\u00e4t 75 vuotta.<\/p>\n<p style=\"text-align: justify;\">Vuosi vuodelta ja vaihe vaiheelta rakennuksia saatiin museoitua valmiiksi ja sit\u00e4 mukaan avattua yleis\u00f6lle.\u00a0 N\u00e4ihin rakennuksiin lukeutuivat aiemmin mainitun Osuusliikkeen lis\u00e4ksi niin leipomo, suutarinverstas kuin my\u00f6s paperi- ja lyhyttavarakauppakin.\u00a0\u00a0Viel\u00e4 my\u00f6hemmin kortteliin valmistui hieman isompi asuinrakennus vuonna 1992, joka sis\u00e4lt\u00e4\u00e4 asuntoja vuodesta 1822 aina vuoteen 1899 saakka sek\u00e4 kaksi huonetta museossa vieraileville lapsille sen ajan perinteisill\u00e4 leluilla varustettuna.\u00a0 Asuinrakennuksista viides oli aluksi ajateltu my\u00f6s museok\u00e4ytt\u00f6\u00f6n esimerkiksi kirjailijamuseoksi, mutta loppuviimein siit\u00e4 p\u00e4\u00e4tettiin kuitenkin tehd\u00e4 kahvila, jossa olisi lis\u00e4ksi esill\u00e4 vaihtuvia n\u00e4yttelyit\u00e4. Kahvila avattiin yleis\u00f6lle avajaiskahvituksella vuonna 1995, viimeisimp\u00e4n\u00e4 museoituna rakennuksena korttelissa.<\/p>\n<p style=\"text-align: justify;\"><img data-recalc-dims=\"1\" loading=\"lazy\" decoding=\"async\" data-attachment-id=\"7901\" data-permalink=\"http:\/\/www.nauhalainen.fi\/wp\/helmi-tampereen-ytimessa\/dav-28\/\" data-orig-file=\"https:\/\/i0.wp.com\/www.nauhalainen.fi\/wp\/wp-content\/uploads\/2019\/06\/museokyltti.jpg?fit=2963%2C2224\" data-orig-size=\"2963,2224\" data-comments-opened=\"1\" data-image-meta=\"{&quot;aperture&quot;:&quot;0&quot;,&quot;credit&quot;:&quot;&quot;,&quot;camera&quot;:&quot;PRA-LX1&quot;,&quot;caption&quot;:&quot;dav&quot;,&quot;created_timestamp&quot;:&quot;0&quot;,&quot;copyright&quot;:&quot;&quot;,&quot;focal_length&quot;:&quot;0&quot;,&quot;iso&quot;:&quot;0&quot;,&quot;shutter_speed&quot;:&quot;0&quot;,&quot;title&quot;:&quot;dav&quot;,&quot;orientation&quot;:&quot;1&quot;}\" data-image-title=\"\" data-image-description=\"\" data-image-caption=\"\" data-medium-file=\"https:\/\/i0.wp.com\/www.nauhalainen.fi\/wp\/wp-content\/uploads\/2019\/06\/museokyltti.jpg?fit=300%2C225\" data-large-file=\"https:\/\/i0.wp.com\/www.nauhalainen.fi\/wp\/wp-content\/uploads\/2019\/06\/museokyltti.jpg?fit=1024%2C769\" class=\"aligncenter size-large wp-image-7901\" src=\"https:\/\/i0.wp.com\/www.nauhalainen.fi\/wp\/wp-content\/uploads\/2019\/06\/museokyltti.jpg?resize=1024%2C769\" alt=\"\" width=\"1024\" height=\"769\" srcset=\"https:\/\/i0.wp.com\/www.nauhalainen.fi\/wp\/wp-content\/uploads\/2019\/06\/museokyltti.jpg?resize=1024%2C769 1024w, https:\/\/i0.wp.com\/www.nauhalainen.fi\/wp\/wp-content\/uploads\/2019\/06\/museokyltti.jpg?resize=300%2C225 300w, https:\/\/i0.wp.com\/www.nauhalainen.fi\/wp\/wp-content\/uploads\/2019\/06\/museokyltti.jpg?resize=768%2C576 768w, https:\/\/i0.wp.com\/www.nauhalainen.fi\/wp\/wp-content\/uploads\/2019\/06\/museokyltti.jpg?resize=678%2C509 678w, https:\/\/i0.wp.com\/www.nauhalainen.fi\/wp\/wp-content\/uploads\/2019\/06\/museokyltti.jpg?resize=326%2C245 326w, https:\/\/i0.wp.com\/www.nauhalainen.fi\/wp\/wp-content\/uploads\/2019\/06\/museokyltti.jpg?resize=80%2C60 80w, https:\/\/i0.wp.com\/www.nauhalainen.fi\/wp\/wp-content\/uploads\/2019\/06\/museokyltti.jpg?w=2000 2000w\" sizes=\"auto, (max-width: 1000px) 100vw, 1000px\" \/><\/p>\n<p style=\"text-align: justify;\">Heti korttelikierroksen alettua vastassa on kyltti, josta pystyy k\u00e4tev\u00e4sti tarkistamaan esimerkiksi miss\u00e4 rakennuksissa tiettyihin vuosiin liittyv\u00e4t huoneistot sijaitsevat. Kyltti toimii mainiona karttana niille, jotka eiv\u00e4t ole viel\u00e4 aiemmin vierailleet kyseisess\u00e4 museossa.<\/p>\n<p style=\"text-align: justify;\"><img data-recalc-dims=\"1\" loading=\"lazy\" decoding=\"async\" data-attachment-id=\"7905\" data-permalink=\"http:\/\/www.nauhalainen.fi\/wp\/helmi-tampereen-ytimessa\/ekamuoksss\/\" data-orig-file=\"https:\/\/i0.wp.com\/www.nauhalainen.fi\/wp\/wp-content\/uploads\/2019\/06\/ekamuoksss.jpg?fit=1340%2C960\" data-orig-size=\"1340,960\" data-comments-opened=\"1\" data-image-meta=\"{&quot;aperture&quot;:&quot;0&quot;,&quot;credit&quot;:&quot;&quot;,&quot;camera&quot;:&quot;&quot;,&quot;caption&quot;:&quot;&quot;,&quot;created_timestamp&quot;:&quot;0&quot;,&quot;copyright&quot;:&quot;&quot;,&quot;focal_length&quot;:&quot;0&quot;,&quot;iso&quot;:&quot;0&quot;,&quot;shutter_speed&quot;:&quot;0&quot;,&quot;title&quot;:&quot;&quot;,&quot;orientation&quot;:&quot;0&quot;}\" data-image-title=\"ekamuoksss\" data-image-description=\"\" data-image-caption=\"\" data-medium-file=\"https:\/\/i0.wp.com\/www.nauhalainen.fi\/wp\/wp-content\/uploads\/2019\/06\/ekamuoksss.jpg?fit=300%2C215\" data-large-file=\"https:\/\/i0.wp.com\/www.nauhalainen.fi\/wp\/wp-content\/uploads\/2019\/06\/ekamuoksss.jpg?fit=1024%2C734\" class=\"aligncenter wp-image-7905\" src=\"https:\/\/i0.wp.com\/www.nauhalainen.fi\/wp\/wp-content\/uploads\/2019\/06\/ekamuoksss.jpg?resize=744%2C533\" alt=\"\" width=\"744\" height=\"533\" srcset=\"https:\/\/i0.wp.com\/www.nauhalainen.fi\/wp\/wp-content\/uploads\/2019\/06\/ekamuoksss.jpg?resize=1024%2C734 1024w, https:\/\/i0.wp.com\/www.nauhalainen.fi\/wp\/wp-content\/uploads\/2019\/06\/ekamuoksss.jpg?resize=300%2C215 300w, https:\/\/i0.wp.com\/www.nauhalainen.fi\/wp\/wp-content\/uploads\/2019\/06\/ekamuoksss.jpg?resize=768%2C550 768w, https:\/\/i0.wp.com\/www.nauhalainen.fi\/wp\/wp-content\/uploads\/2019\/06\/ekamuoksss.jpg?w=1340 1340w\" sizes=\"auto, (max-width: 744px) 100vw, 744px\" \/><\/p>\n<p style=\"text-align: justify;\">1890-luvulle sijoittuvan kuvitteellisen huoneen sisustus ei aikakautta mukaillen ole kovinkaan\u00a0 kummoista. Huoneessa on suurimmaksi osaksi vain kaikkea v\u00e4ltt\u00e4m\u00e4t\u00f6nt\u00e4, joskin muotokuva edustaa pient\u00e4 m\u00e4\u00e4r\u00e4\u00e4 koriste-esineit\u00e4.\u00a0\u00a0<img data-recalc-dims=\"1\" loading=\"lazy\" decoding=\"async\" data-attachment-id=\"7895\" data-permalink=\"http:\/\/www.nauhalainen.fi\/wp\/helmi-tampereen-ytimessa\/mde-3\/\" data-orig-file=\"https:\/\/i0.wp.com\/www.nauhalainen.fi\/wp\/wp-content\/uploads\/2019\/06\/saunaparempi.jpg?fit=2952%2C3403\" data-orig-size=\"2952,3403\" data-comments-opened=\"1\" data-image-meta=\"{&quot;aperture&quot;:&quot;0&quot;,&quot;credit&quot;:&quot;&quot;,&quot;camera&quot;:&quot;PRA-LX1&quot;,&quot;caption&quot;:&quot;mde&quot;,&quot;created_timestamp&quot;:&quot;0&quot;,&quot;copyright&quot;:&quot;&quot;,&quot;focal_length&quot;:&quot;0&quot;,&quot;iso&quot;:&quot;0&quot;,&quot;shutter_speed&quot;:&quot;0&quot;,&quot;title&quot;:&quot;mde&quot;,&quot;orientation&quot;:&quot;1&quot;}\" data-image-title=\"\" data-image-description=\"\" data-image-caption=\"\" data-medium-file=\"https:\/\/i0.wp.com\/www.nauhalainen.fi\/wp\/wp-content\/uploads\/2019\/06\/saunaparempi.jpg?fit=260%2C300\" data-large-file=\"https:\/\/i0.wp.com\/www.nauhalainen.fi\/wp\/wp-content\/uploads\/2019\/06\/saunaparempi.jpg?fit=888%2C1024\" class=\"aligncenter size-large wp-image-7895\" src=\"https:\/\/i0.wp.com\/www.nauhalainen.fi\/wp\/wp-content\/uploads\/2019\/06\/saunaparempi.jpg?resize=888%2C1024\" alt=\"\" width=\"888\" height=\"1024\" srcset=\"https:\/\/i0.wp.com\/www.nauhalainen.fi\/wp\/wp-content\/uploads\/2019\/06\/saunaparempi.jpg?resize=888%2C1024 888w, https:\/\/i0.wp.com\/www.nauhalainen.fi\/wp\/wp-content\/uploads\/2019\/06\/saunaparempi.jpg?resize=260%2C300 260w, https:\/\/i0.wp.com\/www.nauhalainen.fi\/wp\/wp-content\/uploads\/2019\/06\/saunaparempi.jpg?resize=768%2C885 768w, https:\/\/i0.wp.com\/www.nauhalainen.fi\/wp\/wp-content\/uploads\/2019\/06\/saunaparempi.jpg?w=2000 2000w\" sizes=\"auto, (max-width: 888px) 100vw, 888px\" \/><\/p>\n<p style=\"text-align: justify;\">Aivan ensimm\u00e4inen\u00a0 yleinen yhteissauna rakennettiin Amuriin vuonna 1885, ja my\u00f6hemmin, 1900-luvun alussa, niit\u00e4 l\u00f6ytyikin\u00a0 yhteens\u00e4 nelj\u00e4 kappaletta. Yleisimm\u00e4ksi saunap\u00e4iv\u00e4ksi oli\u00a0 valikoitunut lauantai. Saunareissulle otettiin tavallisesti mukaan puhtaat alusvaatteet kietaistuna sanomalehteen sek\u00e4 pesuv\u00e4lineet. Jos omaa vihtaa ei ollut, sen pystyi ostamaan saunanpit\u00e4j\u00e4lt\u00e4.\u00a0 My\u00f6s virvokkeita pystyi\u00a0 ostamaan, jos jano p\u00e4\u00e4si yll\u00e4tt\u00e4m\u00e4\u00e4n. Saunakulttuuri tuohon aikaan kuulosti varsin sympaattiselta. Aivan kuin saunaan l\u00e4hdett\u00e4ess\u00e4 ment\u00e4isiin pienelle retkelle, jonne pakataan mukaan t\u00e4rke\u00e4t tavarat.<img data-recalc-dims=\"1\" loading=\"lazy\" decoding=\"async\" data-attachment-id=\"7909\" data-permalink=\"http:\/\/www.nauhalainen.fi\/wp\/helmi-tampereen-ytimessa\/dav-29\/\" data-orig-file=\"https:\/\/i0.wp.com\/www.nauhalainen.fi\/wp\/wp-content\/uploads\/2019\/06\/kuva1.jpg?fit=5682%2C3968\" data-orig-size=\"5682,3968\" data-comments-opened=\"1\" data-image-meta=\"{&quot;aperture&quot;:&quot;2.2&quot;,&quot;credit&quot;:&quot;&quot;,&quot;camera&quot;:&quot;PRA-LX1&quot;,&quot;caption&quot;:&quot;dav&quot;,&quot;created_timestamp&quot;:&quot;1558698573&quot;,&quot;copyright&quot;:&quot;&quot;,&quot;focal_length&quot;:&quot;3.83&quot;,&quot;iso&quot;:&quot;640&quot;,&quot;shutter_speed&quot;:&quot;0.07&quot;,&quot;title&quot;:&quot;dav&quot;,&quot;orientation&quot;:&quot;1&quot;}\" data-image-title=\"\" data-image-description=\"\" data-image-caption=\"\" data-medium-file=\"https:\/\/i0.wp.com\/www.nauhalainen.fi\/wp\/wp-content\/uploads\/2019\/06\/kuva1.jpg?fit=300%2C210\" data-large-file=\"https:\/\/i0.wp.com\/www.nauhalainen.fi\/wp\/wp-content\/uploads\/2019\/06\/kuva1.jpg?fit=1024%2C715\" class=\"aligncenter size-large wp-image-7909\" src=\"https:\/\/i0.wp.com\/www.nauhalainen.fi\/wp\/wp-content\/uploads\/2019\/06\/kuva1.jpg?resize=1024%2C715\" alt=\"\" width=\"1024\" height=\"715\" srcset=\"https:\/\/i0.wp.com\/www.nauhalainen.fi\/wp\/wp-content\/uploads\/2019\/06\/kuva1.jpg?resize=1024%2C715 1024w, https:\/\/i0.wp.com\/www.nauhalainen.fi\/wp\/wp-content\/uploads\/2019\/06\/kuva1.jpg?resize=300%2C210 300w, https:\/\/i0.wp.com\/www.nauhalainen.fi\/wp\/wp-content\/uploads\/2019\/06\/kuva1.jpg?resize=768%2C536 768w, https:\/\/i0.wp.com\/www.nauhalainen.fi\/wp\/wp-content\/uploads\/2019\/06\/kuva1.jpg?w=2000 2000w, https:\/\/i0.wp.com\/www.nauhalainen.fi\/wp\/wp-content\/uploads\/2019\/06\/kuva1.jpg?w=3000 3000w\" sizes=\"auto, (max-width: 1000px) 100vw, 1000px\" \/><\/p>\n<p style=\"text-align: justify;\">Ulkok\u00e4ym\u00e4l\u00e4t kuuluivat Amurin puutalokortteleihin. Ne olivat yhteisess\u00e4 k\u00e4yt\u00f6ss\u00e4 ja siivouksesta vastattiin vuorollaan. Pelkk\u00e4\u00e4 iloa k\u00e4ym\u00e4l\u00f6ist\u00e4 ei ollut, sill\u00e4 ne toivat mukanaan my\u00f6s ik\u00e4vi\u00e4 ongelmia kuten tauteja ja rottia. Ensimm\u00e4iset sis\u00e4vessat tulivat Amuriin vasta 1920-luvulla, jota miettiess\u00e4 nykyajan siistej\u00e4 wc-tiloja osaa todella arvostaa.<img data-recalc-dims=\"1\" loading=\"lazy\" decoding=\"async\" data-attachment-id=\"7910\" data-permalink=\"http:\/\/www.nauhalainen.fi\/wp\/helmi-tampereen-ytimessa\/dav-30\/\" data-orig-file=\"https:\/\/i0.wp.com\/www.nauhalainen.fi\/wp\/wp-content\/uploads\/2019\/06\/IMG_20190524_115102.jpg?fit=3968%2C2976\" data-orig-size=\"3968,2976\" data-comments-opened=\"1\" data-image-meta=\"{&quot;aperture&quot;:&quot;0&quot;,&quot;credit&quot;:&quot;&quot;,&quot;camera&quot;:&quot;PRA-LX1&quot;,&quot;caption&quot;:&quot;dav&quot;,&quot;created_timestamp&quot;:&quot;0&quot;,&quot;copyright&quot;:&quot;&quot;,&quot;focal_length&quot;:&quot;0&quot;,&quot;iso&quot;:&quot;0&quot;,&quot;shutter_speed&quot;:&quot;0&quot;,&quot;title&quot;:&quot;dav&quot;,&quot;orientation&quot;:&quot;0&quot;}\" data-image-title=\"\" data-image-description=\"\" data-image-caption=\"\" data-medium-file=\"https:\/\/i0.wp.com\/www.nauhalainen.fi\/wp\/wp-content\/uploads\/2019\/06\/IMG_20190524_115102.jpg?fit=300%2C225\" data-large-file=\"https:\/\/i0.wp.com\/www.nauhalainen.fi\/wp\/wp-content\/uploads\/2019\/06\/IMG_20190524_115102.jpg?fit=1024%2C768\" class=\"aligncenter size-large wp-image-7910\" src=\"https:\/\/i0.wp.com\/www.nauhalainen.fi\/wp\/wp-content\/uploads\/2019\/06\/IMG_20190524_115102.jpg?resize=1024%2C768\" alt=\"\" width=\"1024\" height=\"768\" srcset=\"https:\/\/i0.wp.com\/www.nauhalainen.fi\/wp\/wp-content\/uploads\/2019\/06\/IMG_20190524_115102.jpg?resize=1024%2C768 1024w, https:\/\/i0.wp.com\/www.nauhalainen.fi\/wp\/wp-content\/uploads\/2019\/06\/IMG_20190524_115102.jpg?resize=300%2C225 300w, https:\/\/i0.wp.com\/www.nauhalainen.fi\/wp\/wp-content\/uploads\/2019\/06\/IMG_20190524_115102.jpg?resize=768%2C576 768w, https:\/\/i0.wp.com\/www.nauhalainen.fi\/wp\/wp-content\/uploads\/2019\/06\/IMG_20190524_115102.jpg?resize=678%2C509 678w, https:\/\/i0.wp.com\/www.nauhalainen.fi\/wp\/wp-content\/uploads\/2019\/06\/IMG_20190524_115102.jpg?resize=326%2C245 326w, https:\/\/i0.wp.com\/www.nauhalainen.fi\/wp\/wp-content\/uploads\/2019\/06\/IMG_20190524_115102.jpg?resize=80%2C60 80w, https:\/\/i0.wp.com\/www.nauhalainen.fi\/wp\/wp-content\/uploads\/2019\/06\/IMG_20190524_115102.jpg?w=2000 2000w, https:\/\/i0.wp.com\/www.nauhalainen.fi\/wp\/wp-content\/uploads\/2019\/06\/IMG_20190524_115102.jpg?w=3000 3000w\" sizes=\"auto, (max-width: 1000px) 100vw, 1000px\" \/>1930-luvulta per\u00e4isin oleva leipomo on ehdottomasti museon yksi hienoimmista taidonn\u00e4ytteist\u00e4. Pullantuoksun voi melkein haistaa astuessaaan myym\u00e4l\u00e4\u00e4n. Ilman opaskylttej\u00e4kin sen tiet\u00e4\u00e4, ettei leipomoty\u00f6 ole ollut kevytt\u00e4 ja helppoa; taikinaa on leivottu jo kukonlaulun aikaan kuuman uunin tehdess\u00e4 koko huoneesta hiostuttavan kuuman. Tampereella\u00a0 ohrahiivaleip\u00e4 eli riev\u00e4 on ollut erityisen merkityksellisess\u00e4 asemassa, jonka vuoksi kaupunkiamme onkin kutsuttu riev\u00e4kyl\u00e4ksi.<\/p>\n<p style=\"text-align: justify;\"><img data-recalc-dims=\"1\" loading=\"lazy\" decoding=\"async\" data-attachment-id=\"7911\" data-permalink=\"http:\/\/www.nauhalainen.fi\/wp\/helmi-tampereen-ytimessa\/mde-5\/\" data-orig-file=\"https:\/\/i0.wp.com\/www.nauhalainen.fi\/wp\/wp-content\/uploads\/2019\/06\/kuva2.jpg?fit=5952%2C3968\" data-orig-size=\"5952,3968\" data-comments-opened=\"1\" data-image-meta=\"{&quot;aperture&quot;:&quot;2.2&quot;,&quot;credit&quot;:&quot;&quot;,&quot;camera&quot;:&quot;PRA-LX1&quot;,&quot;caption&quot;:&quot;mde&quot;,&quot;created_timestamp&quot;:&quot;1558698648&quot;,&quot;copyright&quot;:&quot;&quot;,&quot;focal_length&quot;:&quot;3.83&quot;,&quot;iso&quot;:&quot;1600&quot;,&quot;shutter_speed&quot;:&quot;0.07&quot;,&quot;title&quot;:&quot;mde&quot;,&quot;orientation&quot;:&quot;1&quot;}\" data-image-title=\"mde\" data-image-description=\"\" data-image-caption=\"&lt;p&gt;mde&lt;\/p&gt;\n\" data-medium-file=\"https:\/\/i0.wp.com\/www.nauhalainen.fi\/wp\/wp-content\/uploads\/2019\/06\/kuva2.jpg?fit=300%2C200\" data-large-file=\"https:\/\/i0.wp.com\/www.nauhalainen.fi\/wp\/wp-content\/uploads\/2019\/06\/kuva2.jpg?fit=1024%2C683\" class=\"aligncenter wp-image-7911 size-large\" src=\"https:\/\/i0.wp.com\/www.nauhalainen.fi\/wp\/wp-content\/uploads\/2019\/06\/kuva2.jpg?resize=1024%2C683\" alt=\"\" width=\"1024\" height=\"683\" srcset=\"https:\/\/i0.wp.com\/www.nauhalainen.fi\/wp\/wp-content\/uploads\/2019\/06\/kuva2.jpg?resize=1024%2C683 1024w, https:\/\/i0.wp.com\/www.nauhalainen.fi\/wp\/wp-content\/uploads\/2019\/06\/kuva2.jpg?resize=300%2C200 300w, https:\/\/i0.wp.com\/www.nauhalainen.fi\/wp\/wp-content\/uploads\/2019\/06\/kuva2.jpg?resize=768%2C512 768w, https:\/\/i0.wp.com\/www.nauhalainen.fi\/wp\/wp-content\/uploads\/2019\/06\/kuva2.jpg?resize=272%2C182 272w, https:\/\/i0.wp.com\/www.nauhalainen.fi\/wp\/wp-content\/uploads\/2019\/06\/kuva2.jpg?w=2000 2000w, https:\/\/i0.wp.com\/www.nauhalainen.fi\/wp\/wp-content\/uploads\/2019\/06\/kuva2.jpg?w=3000 3000w\" sizes=\"auto, (max-width: 1000px) 100vw, 1000px\" \/><\/p>\n<p style=\"text-align: justify;\"><img data-recalc-dims=\"1\" loading=\"lazy\" decoding=\"async\" data-attachment-id=\"7912\" data-permalink=\"http:\/\/www.nauhalainen.fi\/wp\/helmi-tampereen-ytimessa\/dav-31\/\" data-orig-file=\"https:\/\/i0.wp.com\/www.nauhalainen.fi\/wp\/wp-content\/uploads\/2019\/06\/kuva3.jpg?fit=5700%2C3968\" data-orig-size=\"5700,3968\" data-comments-opened=\"1\" data-image-meta=\"{&quot;aperture&quot;:&quot;2.2&quot;,&quot;credit&quot;:&quot;&quot;,&quot;camera&quot;:&quot;PRA-LX1&quot;,&quot;caption&quot;:&quot;dav&quot;,&quot;created_timestamp&quot;:&quot;1558698684&quot;,&quot;copyright&quot;:&quot;&quot;,&quot;focal_length&quot;:&quot;3.83&quot;,&quot;iso&quot;:&quot;800&quot;,&quot;shutter_speed&quot;:&quot;0.07&quot;,&quot;title&quot;:&quot;dav&quot;,&quot;orientation&quot;:&quot;1&quot;}\" data-image-title=\"\" data-image-description=\"\" data-image-caption=\"\" data-medium-file=\"https:\/\/i0.wp.com\/www.nauhalainen.fi\/wp\/wp-content\/uploads\/2019\/06\/kuva3.jpg?fit=300%2C209\" data-large-file=\"https:\/\/i0.wp.com\/www.nauhalainen.fi\/wp\/wp-content\/uploads\/2019\/06\/kuva3.jpg?fit=1024%2C713\" class=\"aligncenter size-large wp-image-7912\" src=\"https:\/\/i0.wp.com\/www.nauhalainen.fi\/wp\/wp-content\/uploads\/2019\/06\/kuva3.jpg?resize=1024%2C713\" alt=\"\" width=\"1024\" height=\"713\" srcset=\"https:\/\/i0.wp.com\/www.nauhalainen.fi\/wp\/wp-content\/uploads\/2019\/06\/kuva3.jpg?resize=1024%2C713 1024w, https:\/\/i0.wp.com\/www.nauhalainen.fi\/wp\/wp-content\/uploads\/2019\/06\/kuva3.jpg?resize=300%2C209 300w, https:\/\/i0.wp.com\/www.nauhalainen.fi\/wp\/wp-content\/uploads\/2019\/06\/kuva3.jpg?resize=768%2C535 768w, https:\/\/i0.wp.com\/www.nauhalainen.fi\/wp\/wp-content\/uploads\/2019\/06\/kuva3.jpg?w=2000 2000w, https:\/\/i0.wp.com\/www.nauhalainen.fi\/wp\/wp-content\/uploads\/2019\/06\/kuva3.jpg?w=3000 3000w\" sizes=\"auto, (max-width: 1000px) 100vw, 1000px\" \/><\/p>\n<p style=\"text-align: justify;\">Hyllyt notkuvat t\u00e4ynn\u00e4 kakkuvuokia, jotka on helppo kuvitella herkullisen tuoksuisiksi kakuiksi.<\/p>\n<p style=\"text-align: justify;\"><img data-recalc-dims=\"1\" loading=\"lazy\" decoding=\"async\" data-attachment-id=\"7918\" data-permalink=\"http:\/\/www.nauhalainen.fi\/wp\/helmi-tampereen-ytimessa\/mde-6\/\" data-orig-file=\"https:\/\/i0.wp.com\/www.nauhalainen.fi\/wp\/wp-content\/uploads\/2019\/06\/kuva4.jpg?fit=5952%2C3968\" data-orig-size=\"5952,3968\" data-comments-opened=\"1\" data-image-meta=\"{&quot;aperture&quot;:&quot;2.2&quot;,&quot;credit&quot;:&quot;&quot;,&quot;camera&quot;:&quot;PRA-LX1&quot;,&quot;caption&quot;:&quot;mde&quot;,&quot;created_timestamp&quot;:&quot;1558699388&quot;,&quot;copyright&quot;:&quot;&quot;,&quot;focal_length&quot;:&quot;3.83&quot;,&quot;iso&quot;:&quot;1600&quot;,&quot;shutter_speed&quot;:&quot;0.07&quot;,&quot;title&quot;:&quot;mde&quot;,&quot;orientation&quot;:&quot;1&quot;}\" data-image-title=\"\" data-image-description=\"\" data-image-caption=\"\" data-medium-file=\"https:\/\/i0.wp.com\/www.nauhalainen.fi\/wp\/wp-content\/uploads\/2019\/06\/kuva4.jpg?fit=300%2C200\" data-large-file=\"https:\/\/i0.wp.com\/www.nauhalainen.fi\/wp\/wp-content\/uploads\/2019\/06\/kuva4.jpg?fit=1024%2C683\" class=\"aligncenter size-large wp-image-7918\" src=\"https:\/\/i0.wp.com\/www.nauhalainen.fi\/wp\/wp-content\/uploads\/2019\/06\/kuva4.jpg?resize=1024%2C683\" alt=\"\" width=\"1024\" height=\"683\" srcset=\"https:\/\/i0.wp.com\/www.nauhalainen.fi\/wp\/wp-content\/uploads\/2019\/06\/kuva4.jpg?resize=1024%2C683 1024w, https:\/\/i0.wp.com\/www.nauhalainen.fi\/wp\/wp-content\/uploads\/2019\/06\/kuva4.jpg?resize=300%2C200 300w, https:\/\/i0.wp.com\/www.nauhalainen.fi\/wp\/wp-content\/uploads\/2019\/06\/kuva4.jpg?resize=768%2C512 768w, https:\/\/i0.wp.com\/www.nauhalainen.fi\/wp\/wp-content\/uploads\/2019\/06\/kuva4.jpg?resize=272%2C182 272w, https:\/\/i0.wp.com\/www.nauhalainen.fi\/wp\/wp-content\/uploads\/2019\/06\/kuva4.jpg?w=2000 2000w, https:\/\/i0.wp.com\/www.nauhalainen.fi\/wp\/wp-content\/uploads\/2019\/06\/kuva4.jpg?w=3000 3000w\" sizes=\"auto, (max-width: 1000px) 100vw, 1000px\" \/><\/p>\n<p style=\"text-align: justify;\">1928-luvun huoneistossa on n\u00e4kyviss\u00e4 ihastuttavia yksityiskohtia, kuten sein\u00e4ll\u00e4 olevan kankaan kaunis kirjailu. Sisustus on muutoinkin aiempaan verrattuna koristeellisempaa ja kodin tekstiileiss\u00e4 n\u00e4kyy erilaisia materiaaleja. Lastenlelut n\u00e4ytt\u00e4v\u00e4t olleen varsin suloisia, ainakin kun katsoo leikkihevosta k\u00e4rryineen. Voin uskoa, ett\u00e4 en ole ainoa, joka vastaavan itselleen tahtoisi.<\/p>\n<p style=\"text-align: justify;\"><img data-recalc-dims=\"1\" loading=\"lazy\" decoding=\"async\" data-attachment-id=\"7919\" data-permalink=\"http:\/\/www.nauhalainen.fi\/wp\/helmi-tampereen-ytimessa\/dav-32\/\" data-orig-file=\"https:\/\/i0.wp.com\/www.nauhalainen.fi\/wp\/wp-content\/uploads\/2019\/06\/kuva5.jpg?fit=5772%2C3968\" data-orig-size=\"5772,3968\" data-comments-opened=\"1\" data-image-meta=\"{&quot;aperture&quot;:&quot;2.2&quot;,&quot;credit&quot;:&quot;&quot;,&quot;camera&quot;:&quot;PRA-LX1&quot;,&quot;caption&quot;:&quot;dav&quot;,&quot;created_timestamp&quot;:&quot;1558700194&quot;,&quot;copyright&quot;:&quot;&quot;,&quot;focal_length&quot;:&quot;3.83&quot;,&quot;iso&quot;:&quot;500&quot;,&quot;shutter_speed&quot;:&quot;0.07&quot;,&quot;title&quot;:&quot;dav&quot;,&quot;orientation&quot;:&quot;1&quot;}\" data-image-title=\"dav\" data-image-description=\"\" data-image-caption=\"&lt;p&gt;dav&lt;\/p&gt;\n\" data-medium-file=\"https:\/\/i0.wp.com\/www.nauhalainen.fi\/wp\/wp-content\/uploads\/2019\/06\/kuva5.jpg?fit=300%2C206\" data-large-file=\"https:\/\/i0.wp.com\/www.nauhalainen.fi\/wp\/wp-content\/uploads\/2019\/06\/kuva5.jpg?fit=1024%2C704\" class=\"aligncenter wp-image-7919 size-large\" src=\"https:\/\/i0.wp.com\/www.nauhalainen.fi\/wp\/wp-content\/uploads\/2019\/06\/kuva5.jpg?resize=1024%2C704\" alt=\"\" width=\"1024\" height=\"704\" srcset=\"https:\/\/i0.wp.com\/www.nauhalainen.fi\/wp\/wp-content\/uploads\/2019\/06\/kuva5.jpg?resize=1024%2C704 1024w, https:\/\/i0.wp.com\/www.nauhalainen.fi\/wp\/wp-content\/uploads\/2019\/06\/kuva5.jpg?resize=300%2C206 300w, https:\/\/i0.wp.com\/www.nauhalainen.fi\/wp\/wp-content\/uploads\/2019\/06\/kuva5.jpg?resize=768%2C528 768w, https:\/\/i0.wp.com\/www.nauhalainen.fi\/wp\/wp-content\/uploads\/2019\/06\/kuva5.jpg?w=2000 2000w, https:\/\/i0.wp.com\/www.nauhalainen.fi\/wp\/wp-content\/uploads\/2019\/06\/kuva5.jpg?w=3000 3000w\" sizes=\"auto, (max-width: 1000px) 100vw, 1000px\" \/>Museossa on my\u00f6s pula-ajan paperi- ja lyhyttavarakauppa.\u00a0 Opas tekstien kertoman mukaan siell\u00e4 myytiin suurimmaksi osaksi korvaavia tuotteita, kuten paperista valmistettuja p\u00f6yt\u00e4liinoja tai ikkunaverhokreppej\u00e4. Lis\u00e4ksi sielt\u00e4 pystyi ostamaan kappaleena tai tusinoittain yleistarpeellisia asioita kuten nappeja ja neuloja tai hieman ylellisempi\u00e4 tuotteita, joista kellot mainittakoon\u00a0 yhten\u00e4 esimerkkin\u00e4.<img data-recalc-dims=\"1\" loading=\"lazy\" decoding=\"async\" data-attachment-id=\"7920\" data-permalink=\"http:\/\/www.nauhalainen.fi\/wp\/helmi-tampereen-ytimessa\/dav-33\/\" data-orig-file=\"https:\/\/i0.wp.com\/www.nauhalainen.fi\/wp\/wp-content\/uploads\/2019\/06\/kuva6.jpg?fit=5952%2C3968\" data-orig-size=\"5952,3968\" data-comments-opened=\"1\" data-image-meta=\"{&quot;aperture&quot;:&quot;2.2&quot;,&quot;credit&quot;:&quot;&quot;,&quot;camera&quot;:&quot;PRA-LX1&quot;,&quot;caption&quot;:&quot;dav&quot;,&quot;created_timestamp&quot;:&quot;1558700208&quot;,&quot;copyright&quot;:&quot;&quot;,&quot;focal_length&quot;:&quot;3.83&quot;,&quot;iso&quot;:&quot;500&quot;,&quot;shutter_speed&quot;:&quot;0.04&quot;,&quot;title&quot;:&quot;dav&quot;,&quot;orientation&quot;:&quot;1&quot;}\" data-image-title=\"\" data-image-description=\"\" data-image-caption=\"\" data-medium-file=\"https:\/\/i0.wp.com\/www.nauhalainen.fi\/wp\/wp-content\/uploads\/2019\/06\/kuva6.jpg?fit=300%2C200\" data-large-file=\"https:\/\/i0.wp.com\/www.nauhalainen.fi\/wp\/wp-content\/uploads\/2019\/06\/kuva6.jpg?fit=1024%2C683\" class=\"aligncenter size-large wp-image-7920\" src=\"https:\/\/i0.wp.com\/www.nauhalainen.fi\/wp\/wp-content\/uploads\/2019\/06\/kuva6.jpg?resize=1024%2C683\" alt=\"\" width=\"1024\" height=\"683\" srcset=\"https:\/\/i0.wp.com\/www.nauhalainen.fi\/wp\/wp-content\/uploads\/2019\/06\/kuva6.jpg?resize=1024%2C683 1024w, https:\/\/i0.wp.com\/www.nauhalainen.fi\/wp\/wp-content\/uploads\/2019\/06\/kuva6.jpg?resize=300%2C200 300w, https:\/\/i0.wp.com\/www.nauhalainen.fi\/wp\/wp-content\/uploads\/2019\/06\/kuva6.jpg?resize=768%2C512 768w, https:\/\/i0.wp.com\/www.nauhalainen.fi\/wp\/wp-content\/uploads\/2019\/06\/kuva6.jpg?resize=272%2C182 272w, https:\/\/i0.wp.com\/www.nauhalainen.fi\/wp\/wp-content\/uploads\/2019\/06\/kuva6.jpg?w=2000 2000w, https:\/\/i0.wp.com\/www.nauhalainen.fi\/wp\/wp-content\/uploads\/2019\/06\/kuva6.jpg?w=3000 3000w\" sizes=\"auto, (max-width: 1000px) 100vw, 1000px\" \/><\/p>\n<p style=\"text-align: justify;\">My\u00f6s postikortit ja kyn\u00e4tarvikkeet kuuluivat valikoimaan.\u00a0 T\u00e4m\u00e4n tyyliseen kauppaan astuisi moni varmasti mielell\u00e4\u00e4n viel\u00e4 nykyp\u00e4iv\u00e4n\u00e4kin.<img data-recalc-dims=\"1\" loading=\"lazy\" decoding=\"async\" data-attachment-id=\"7922\" data-permalink=\"http:\/\/www.nauhalainen.fi\/wp\/helmi-tampereen-ytimessa\/dav-34\/\" data-orig-file=\"https:\/\/i0.wp.com\/www.nauhalainen.fi\/wp\/wp-content\/uploads\/2019\/06\/kuva8.jpg?fit=5952%2C3968\" data-orig-size=\"5952,3968\" data-comments-opened=\"1\" data-image-meta=\"{&quot;aperture&quot;:&quot;2.2&quot;,&quot;credit&quot;:&quot;&quot;,&quot;camera&quot;:&quot;PRA-LX1&quot;,&quot;caption&quot;:&quot;dav&quot;,&quot;created_timestamp&quot;:&quot;1558700413&quot;,&quot;copyright&quot;:&quot;&quot;,&quot;focal_length&quot;:&quot;3.83&quot;,&quot;iso&quot;:&quot;160&quot;,&quot;shutter_speed&quot;:&quot;0.03&quot;,&quot;title&quot;:&quot;dav&quot;,&quot;orientation&quot;:&quot;1&quot;}\" data-image-title=\"\" data-image-description=\"\" data-image-caption=\"\" data-medium-file=\"https:\/\/i0.wp.com\/www.nauhalainen.fi\/wp\/wp-content\/uploads\/2019\/06\/kuva8.jpg?fit=300%2C200\" data-large-file=\"https:\/\/i0.wp.com\/www.nauhalainen.fi\/wp\/wp-content\/uploads\/2019\/06\/kuva8.jpg?fit=1024%2C683\" class=\"aligncenter size-large wp-image-7922\" src=\"https:\/\/i0.wp.com\/www.nauhalainen.fi\/wp\/wp-content\/uploads\/2019\/06\/kuva8.jpg?resize=1024%2C683\" alt=\"\" width=\"1024\" height=\"683\" srcset=\"https:\/\/i0.wp.com\/www.nauhalainen.fi\/wp\/wp-content\/uploads\/2019\/06\/kuva8.jpg?resize=1024%2C683 1024w, https:\/\/i0.wp.com\/www.nauhalainen.fi\/wp\/wp-content\/uploads\/2019\/06\/kuva8.jpg?resize=300%2C200 300w, https:\/\/i0.wp.com\/www.nauhalainen.fi\/wp\/wp-content\/uploads\/2019\/06\/kuva8.jpg?resize=768%2C512 768w, https:\/\/i0.wp.com\/www.nauhalainen.fi\/wp\/wp-content\/uploads\/2019\/06\/kuva8.jpg?resize=272%2C182 272w, https:\/\/i0.wp.com\/www.nauhalainen.fi\/wp\/wp-content\/uploads\/2019\/06\/kuva8.jpg?w=2000 2000w, https:\/\/i0.wp.com\/www.nauhalainen.fi\/wp\/wp-content\/uploads\/2019\/06\/kuva8.jpg?w=3000 3000w\" sizes=\"auto, (max-width: 1000px) 100vw, 1000px\" \/><\/p>\n<p style=\"text-align: justify;\">Osuusliike Voima on pullollaan kuiva-elintarvikkeita. Sielt\u00e4 l\u00f6ytyy kahvin lis\u00e4ksi niin makeisia kuin kauraryynej\u00e4kin.\u00a0 Ostokset punnittiin asiaankuuluvalla vaa&#8217;alla punnuksia apuna k\u00e4ytt\u00e4en.\u00a0 Hieman ovat ajat muuttuneet t\u00e4st\u00e4kin.<img data-recalc-dims=\"1\" loading=\"lazy\" decoding=\"async\" data-attachment-id=\"7924\" data-permalink=\"http:\/\/www.nauhalainen.fi\/wp\/helmi-tampereen-ytimessa\/dav-35\/\" data-orig-file=\"https:\/\/i0.wp.com\/www.nauhalainen.fi\/wp\/wp-content\/uploads\/2019\/06\/kuva10.jpg?fit=5946%2C3968\" data-orig-size=\"5946,3968\" data-comments-opened=\"1\" data-image-meta=\"{&quot;aperture&quot;:&quot;2.2&quot;,&quot;credit&quot;:&quot;&quot;,&quot;camera&quot;:&quot;PRA-LX1&quot;,&quot;caption&quot;:&quot;dav&quot;,&quot;created_timestamp&quot;:&quot;1558700490&quot;,&quot;copyright&quot;:&quot;&quot;,&quot;focal_length&quot;:&quot;3.83&quot;,&quot;iso&quot;:&quot;400&quot;,&quot;shutter_speed&quot;:&quot;0.04&quot;,&quot;title&quot;:&quot;dav&quot;,&quot;orientation&quot;:&quot;1&quot;}\" data-image-title=\"\" data-image-description=\"\" data-image-caption=\"\" data-medium-file=\"https:\/\/i0.wp.com\/www.nauhalainen.fi\/wp\/wp-content\/uploads\/2019\/06\/kuva10.jpg?fit=300%2C200\" data-large-file=\"https:\/\/i0.wp.com\/www.nauhalainen.fi\/wp\/wp-content\/uploads\/2019\/06\/kuva10.jpg?fit=1024%2C683\" class=\"aligncenter size-large wp-image-7924\" src=\"https:\/\/i0.wp.com\/www.nauhalainen.fi\/wp\/wp-content\/uploads\/2019\/06\/kuva10.jpg?resize=1024%2C683\" alt=\"\" width=\"1024\" height=\"683\" srcset=\"https:\/\/i0.wp.com\/www.nauhalainen.fi\/wp\/wp-content\/uploads\/2019\/06\/kuva10.jpg?resize=1024%2C683 1024w, https:\/\/i0.wp.com\/www.nauhalainen.fi\/wp\/wp-content\/uploads\/2019\/06\/kuva10.jpg?resize=300%2C200 300w, https:\/\/i0.wp.com\/www.nauhalainen.fi\/wp\/wp-content\/uploads\/2019\/06\/kuva10.jpg?resize=768%2C513 768w, https:\/\/i0.wp.com\/www.nauhalainen.fi\/wp\/wp-content\/uploads\/2019\/06\/kuva10.jpg?resize=272%2C182 272w, https:\/\/i0.wp.com\/www.nauhalainen.fi\/wp\/wp-content\/uploads\/2019\/06\/kuva10.jpg?w=2000 2000w, https:\/\/i0.wp.com\/www.nauhalainen.fi\/wp\/wp-content\/uploads\/2019\/06\/kuva10.jpg?w=3000 3000w\" sizes=\"auto, (max-width: 1000px) 100vw, 1000px\" \/><\/p>\n<p style=\"text-align: justify;\">Silmien edest\u00e4 l\u00f6ytyv\u00e4 kassakone saa aikaan pienen h\u00e4mment\u00e4v\u00e4n ajatuksen: &#8221;Miten ihmeess\u00e4 tuollaista k\u00e4ytet\u00e4\u00e4n?&#8221; Nappuloitakin n\u00e4ytt\u00e4\u00e4 olevan kiitett\u00e4v\u00e4 m\u00e4\u00e4r\u00e4. Tuntuu silti hienolta n\u00e4hd\u00e4 laitteistoa ajalta, jolloin digitaalisista kosketusn\u00e4yt\u00f6ist\u00e4 ei ollut viel\u00e4 tietoakaan.<img data-recalc-dims=\"1\" loading=\"lazy\" decoding=\"async\" data-attachment-id=\"7926\" data-permalink=\"http:\/\/www.nauhalainen.fi\/wp\/helmi-tampereen-ytimessa\/dav-36\/\" data-orig-file=\"https:\/\/i0.wp.com\/www.nauhalainen.fi\/wp\/wp-content\/uploads\/2019\/06\/IMG_20190524_122104.jpg?fit=3968%2C2976\" data-orig-size=\"3968,2976\" data-comments-opened=\"1\" data-image-meta=\"{&quot;aperture&quot;:&quot;0&quot;,&quot;credit&quot;:&quot;&quot;,&quot;camera&quot;:&quot;PRA-LX1&quot;,&quot;caption&quot;:&quot;dav&quot;,&quot;created_timestamp&quot;:&quot;0&quot;,&quot;copyright&quot;:&quot;&quot;,&quot;focal_length&quot;:&quot;0&quot;,&quot;iso&quot;:&quot;0&quot;,&quot;shutter_speed&quot;:&quot;0&quot;,&quot;title&quot;:&quot;dav&quot;,&quot;orientation&quot;:&quot;0&quot;}\" data-image-title=\"\" data-image-description=\"\" data-image-caption=\"\" data-medium-file=\"https:\/\/i0.wp.com\/www.nauhalainen.fi\/wp\/wp-content\/uploads\/2019\/06\/IMG_20190524_122104.jpg?fit=300%2C225\" data-large-file=\"https:\/\/i0.wp.com\/www.nauhalainen.fi\/wp\/wp-content\/uploads\/2019\/06\/IMG_20190524_122104.jpg?fit=1024%2C768\" class=\"aligncenter size-large wp-image-7926\" src=\"https:\/\/i0.wp.com\/www.nauhalainen.fi\/wp\/wp-content\/uploads\/2019\/06\/IMG_20190524_122104.jpg?resize=1024%2C768\" alt=\"\" width=\"1024\" height=\"768\" srcset=\"https:\/\/i0.wp.com\/www.nauhalainen.fi\/wp\/wp-content\/uploads\/2019\/06\/IMG_20190524_122104.jpg?resize=1024%2C768 1024w, https:\/\/i0.wp.com\/www.nauhalainen.fi\/wp\/wp-content\/uploads\/2019\/06\/IMG_20190524_122104.jpg?resize=300%2C225 300w, https:\/\/i0.wp.com\/www.nauhalainen.fi\/wp\/wp-content\/uploads\/2019\/06\/IMG_20190524_122104.jpg?resize=768%2C576 768w, https:\/\/i0.wp.com\/www.nauhalainen.fi\/wp\/wp-content\/uploads\/2019\/06\/IMG_20190524_122104.jpg?resize=678%2C509 678w, https:\/\/i0.wp.com\/www.nauhalainen.fi\/wp\/wp-content\/uploads\/2019\/06\/IMG_20190524_122104.jpg?resize=326%2C245 326w, https:\/\/i0.wp.com\/www.nauhalainen.fi\/wp\/wp-content\/uploads\/2019\/06\/IMG_20190524_122104.jpg?resize=80%2C60 80w, https:\/\/i0.wp.com\/www.nauhalainen.fi\/wp\/wp-content\/uploads\/2019\/06\/IMG_20190524_122104.jpg?w=2000 2000w, https:\/\/i0.wp.com\/www.nauhalainen.fi\/wp\/wp-content\/uploads\/2019\/06\/IMG_20190524_122104.jpg?w=3000 3000w\" sizes=\"auto, (max-width: 1000px) 100vw, 1000px\" \/><\/p>\n<p style=\"text-align: justify;\">Hyllyilt\u00e4 l\u00f6ytyi my\u00f6s jotain hyvin tuttua, nimitt\u00e4in Fazerin sinist\u00e4 maitonappien muodossa. Onneksi kaikki asiat eiv\u00e4t muutu ja yksi hyv\u00e4 esimerkki niist\u00e4 ovat Pectus-kurkkupastillit, joita voi yh\u00e4 t\u00e4n\u00e4 p\u00e4iv\u00e4n\u00e4kin nautiskella.<\/p>\n<p style=\"text-align: justify;\"><img data-recalc-dims=\"1\" loading=\"lazy\" decoding=\"async\" data-attachment-id=\"7923\" data-permalink=\"http:\/\/www.nauhalainen.fi\/wp\/helmi-tampereen-ytimessa\/dig\/\" data-orig-file=\"https:\/\/i0.wp.com\/www.nauhalainen.fi\/wp\/wp-content\/uploads\/2019\/06\/kuva9.jpg?fit=5951%2C3968\" data-orig-size=\"5951,3968\" data-comments-opened=\"1\" data-image-meta=\"{&quot;aperture&quot;:&quot;2.2&quot;,&quot;credit&quot;:&quot;&quot;,&quot;camera&quot;:&quot;PRA-LX1&quot;,&quot;caption&quot;:&quot;dig&quot;,&quot;created_timestamp&quot;:&quot;1558700756&quot;,&quot;copyright&quot;:&quot;&quot;,&quot;focal_length&quot;:&quot;3.83&quot;,&quot;iso&quot;:&quot;50&quot;,&quot;shutter_speed&quot;:&quot;0.02&quot;,&quot;title&quot;:&quot;dig&quot;,&quot;orientation&quot;:&quot;1&quot;}\" data-image-title=\"\" data-image-description=\"\" data-image-caption=\"\" data-medium-file=\"https:\/\/i0.wp.com\/www.nauhalainen.fi\/wp\/wp-content\/uploads\/2019\/06\/kuva9.jpg?fit=300%2C200\" data-large-file=\"https:\/\/i0.wp.com\/www.nauhalainen.fi\/wp\/wp-content\/uploads\/2019\/06\/kuva9.jpg?fit=1024%2C683\" class=\"aligncenter size-large wp-image-7923\" src=\"https:\/\/i0.wp.com\/www.nauhalainen.fi\/wp\/wp-content\/uploads\/2019\/06\/kuva9.jpg?resize=1024%2C683\" alt=\"\" width=\"1024\" height=\"683\" srcset=\"https:\/\/i0.wp.com\/www.nauhalainen.fi\/wp\/wp-content\/uploads\/2019\/06\/kuva9.jpg?resize=1024%2C683 1024w, https:\/\/i0.wp.com\/www.nauhalainen.fi\/wp\/wp-content\/uploads\/2019\/06\/kuva9.jpg?resize=300%2C200 300w, https:\/\/i0.wp.com\/www.nauhalainen.fi\/wp\/wp-content\/uploads\/2019\/06\/kuva9.jpg?resize=768%2C512 768w, https:\/\/i0.wp.com\/www.nauhalainen.fi\/wp\/wp-content\/uploads\/2019\/06\/kuva9.jpg?resize=272%2C182 272w, https:\/\/i0.wp.com\/www.nauhalainen.fi\/wp\/wp-content\/uploads\/2019\/06\/kuva9.jpg?w=2000 2000w, https:\/\/i0.wp.com\/www.nauhalainen.fi\/wp\/wp-content\/uploads\/2019\/06\/kuva9.jpg?w=3000 3000w\" sizes=\"auto, (max-width: 1000px) 100vw, 1000px\" \/><\/p>\n<p style=\"text-align: justify;\">1960-luvun lopulla maitokin oli pakattuna pussiin. Vuonna 1911 kulutusmaito maksoi litralta 19 penni\u00e4 ja ruisjauhot 26 penni\u00e4 kilota.<img data-recalc-dims=\"1\" loading=\"lazy\" decoding=\"async\" data-attachment-id=\"7927\" data-permalink=\"http:\/\/www.nauhalainen.fi\/wp\/helmi-tampereen-ytimessa\/mde-8\/\" data-orig-file=\"https:\/\/i0.wp.com\/www.nauhalainen.fi\/wp\/wp-content\/uploads\/2019\/06\/kuva7-1.jpg?fit=5952%2C3968\" data-orig-size=\"5952,3968\" data-comments-opened=\"1\" data-image-meta=\"{&quot;aperture&quot;:&quot;2.2&quot;,&quot;credit&quot;:&quot;&quot;,&quot;camera&quot;:&quot;PRA-LX1&quot;,&quot;caption&quot;:&quot;mde&quot;,&quot;created_timestamp&quot;:&quot;1558700341&quot;,&quot;copyright&quot;:&quot;&quot;,&quot;focal_length&quot;:&quot;3.83&quot;,&quot;iso&quot;:&quot;2000&quot;,&quot;shutter_speed&quot;:&quot;0.07&quot;,&quot;title&quot;:&quot;mde&quot;,&quot;orientation&quot;:&quot;1&quot;}\" data-image-title=\"\" data-image-description=\"\" data-image-caption=\"\" data-medium-file=\"https:\/\/i0.wp.com\/www.nauhalainen.fi\/wp\/wp-content\/uploads\/2019\/06\/kuva7-1.jpg?fit=300%2C200\" data-large-file=\"https:\/\/i0.wp.com\/www.nauhalainen.fi\/wp\/wp-content\/uploads\/2019\/06\/kuva7-1.jpg?fit=1024%2C683\" class=\"aligncenter size-large wp-image-7927\" src=\"https:\/\/i0.wp.com\/www.nauhalainen.fi\/wp\/wp-content\/uploads\/2019\/06\/kuva7-1.jpg?resize=1024%2C683\" alt=\"\" width=\"1024\" height=\"683\" srcset=\"https:\/\/i0.wp.com\/www.nauhalainen.fi\/wp\/wp-content\/uploads\/2019\/06\/kuva7-1.jpg?resize=1024%2C683 1024w, https:\/\/i0.wp.com\/www.nauhalainen.fi\/wp\/wp-content\/uploads\/2019\/06\/kuva7-1.jpg?resize=300%2C200 300w, https:\/\/i0.wp.com\/www.nauhalainen.fi\/wp\/wp-content\/uploads\/2019\/06\/kuva7-1.jpg?resize=768%2C512 768w, https:\/\/i0.wp.com\/www.nauhalainen.fi\/wp\/wp-content\/uploads\/2019\/06\/kuva7-1.jpg?resize=272%2C182 272w, https:\/\/i0.wp.com\/www.nauhalainen.fi\/wp\/wp-content\/uploads\/2019\/06\/kuva7-1.jpg?w=2000 2000w, https:\/\/i0.wp.com\/www.nauhalainen.fi\/wp\/wp-content\/uploads\/2019\/06\/kuva7-1.jpg?w=3000 3000w\" sizes=\"auto, (max-width: 1000px) 100vw, 1000px\" \/><\/p>\n<p style=\"text-align: justify;\">Kaikki museoidut huoneistot ovat upeita kokonaisuuksia t\u00e4ynn\u00e4 historian havinaa ja eletyn el\u00e4m\u00e4n tunnelmaa. Kauniit yksityiskohdat pist\u00e4v\u00e4t varmasti monella aivan eriyisesti silm\u00e4\u00e4n. Kuinka kauniita voivatkaan yksinkertaiset peltipurkit olla, mietin huokaillen.<\/p>\n<p style=\"text-align: justify;\">Kokemus ty\u00f6l\u00e4ismuseokorttelista oli varsin miellytt\u00e4v\u00e4, sill\u00e4 se tarjosi ison annoksen historiaa helposti omaksuttavalla ja mielenkiintoisella tavalla. On t\u00e4ysin eri asia lukea asioita, kuin n\u00e4hd\u00e4 ne konkretisoituina omin silmin. Amurin ty\u00f6l\u00e4ismuseokortteli on varsinainen aarre, johon tutustumista kannattaa ehdottomasti harkita, ellei ole jo niin tehnyt.<\/p>\n<p>&nbsp;<\/p>\n<p>Teksti ja kuvat: Jenni Salonen<\/p>\n<p>Artikkelikuva: Wikipedia Commons (<a href=\"https:\/\/commons.wikimedia.org\/w\/index.php?search=amurin+ty%C3%B6l%C3%A4ismuseokortteli&amp;title=Special:Search&amp;profile=advanced&amp;fulltext=1&amp;advancedSearch-current=%7B%7D&amp;ns0=1&amp;ns6=1&amp;ns12=1&amp;ns14=1&amp;ns100=1&amp;ns106=1#\/media\/File:Amurin_Museum_C_IMG_0178.JPG\">linkki<\/a> kuvaan)<\/p>\n","protected":false},"excerpt":{"rendered":"<div class=\"mh-excerpt\"><p>Mielenkiintoisella tavalla esitetty historiakatsaus Tampereen ty\u00f6v\u00e4est\u00f6n historiaan. <a class=\"mh-excerpt-more\" href=\"http:\/\/www.nauhalainen.fi\/wp\/helmi-tampereen-ytimessa\/\" title=\"Helmi Tampereen ytimess\u00e4\">[&#8230;]<\/a><\/p>\n<\/div>","protected":false},"author":4,"featured_media":7860,"comment_status":"open","ping_status":"open","sticky":false,"template":"","format":"standard","meta":{"jetpack_post_was_ever_published":false,"_jetpack_newsletter_access":"","_jetpack_dont_email_post_to_subs":false,"_jetpack_newsletter_tier_id":0,"_jetpack_memberships_contains_paywalled_content":false,"_jetpack_memberships_contains_paid_content":false,"footnotes":"","jetpack_publicize_message":"","jetpack_publicize_feature_enabled":true,"jetpack_social_post_already_shared":true,"jetpack_social_options":{"image_generator_settings":{"template":"highway","enabled":false},"version":2}},"categories":[412],"tags":[610,199,426,609],"class_list":{"0":"post-7857","1":"post","2":"type-post","3":"status-publish","4":"format-standard","5":"has-post-thumbnail","7":"category-historia-ja-yhteiskunta","8":"tag-amuri","9":"tag-museo","10":"tag-tampereen-historia","11":"tag-tyolaismuseokortteli"},"jetpack_publicize_connections":[],"jetpack_featured_media_url":"https:\/\/i0.wp.com\/www.nauhalainen.fi\/wp\/wp-content\/uploads\/2019\/06\/Amurin_Museum_commonswikipedia.jpg?fit=1280%2C852","jetpack_sharing_enabled":true,"jetpack_shortlink":"https:\/\/wp.me\/pa0EdI-22J","jetpack-related-posts":[],"_links":{"self":[{"href":"http:\/\/www.nauhalainen.fi\/wp\/wp-json\/wp\/v2\/posts\/7857","targetHints":{"allow":["GET"]}}],"collection":[{"href":"http:\/\/www.nauhalainen.fi\/wp\/wp-json\/wp\/v2\/posts"}],"about":[{"href":"http:\/\/www.nauhalainen.fi\/wp\/wp-json\/wp\/v2\/types\/post"}],"author":[{"embeddable":true,"href":"http:\/\/www.nauhalainen.fi\/wp\/wp-json\/wp\/v2\/users\/4"}],"replies":[{"embeddable":true,"href":"http:\/\/www.nauhalainen.fi\/wp\/wp-json\/wp\/v2\/comments?post=7857"}],"version-history":[{"count":17,"href":"http:\/\/www.nauhalainen.fi\/wp\/wp-json\/wp\/v2\/posts\/7857\/revisions"}],"predecessor-version":[{"id":7956,"href":"http:\/\/www.nauhalainen.fi\/wp\/wp-json\/wp\/v2\/posts\/7857\/revisions\/7956"}],"wp:featuredmedia":[{"embeddable":true,"href":"http:\/\/www.nauhalainen.fi\/wp\/wp-json\/wp\/v2\/media\/7860"}],"wp:attachment":[{"href":"http:\/\/www.nauhalainen.fi\/wp\/wp-json\/wp\/v2\/media?parent=7857"}],"wp:term":[{"taxonomy":"category","embeddable":true,"href":"http:\/\/www.nauhalainen.fi\/wp\/wp-json\/wp\/v2\/categories?post=7857"},{"taxonomy":"post_tag","embeddable":true,"href":"http:\/\/www.nauhalainen.fi\/wp\/wp-json\/wp\/v2\/tags?post=7857"}],"curies":[{"name":"wp","href":"https:\/\/api.w.org\/{rel}","templated":true}]}}