{"id":6276,"date":"2019-02-07T13:51:09","date_gmt":"2019-02-07T11:51:09","guid":{"rendered":"http:\/\/www.nauhalainen.fi\/wp\/?p=6276"},"modified":"2019-02-07T13:51:09","modified_gmt":"2019-02-07T11:51:09","slug":"vastavirta-radio","status":"publish","type":"post","link":"http:\/\/www.nauhalainen.fi\/wp\/vastavirta-radio\/","title":{"rendered":"Vastavirta-Radio"},"content":{"rendered":"<h4 style=\"text-align: justify;\">Pispalan radio on vuosia toiminut paikallinen radiokanava, jonka ohjelmiston on vuosien tauon j\u00e4lkeen aloittanut uudestaan vaihtoehto-ohjelma Vastavirta-Radio. VV-Radiota juontaa ja py\u00f6ritt\u00e4\u00e4 noin 30-vuotias Matti Raappana. Ohjelmaa kuunnelleena pist\u00e4\u00e4 korvaan ohjelman ammattimaisuus, joka edellisvuosina puuttui t\u00e4ysin. Nykyp\u00e4iv\u00e4\u00e4n p\u00e4ivitettyn\u00e4 kyseess\u00e4 on nuorekas ja innovatiivinen radio-ohjelma, jonka ei tarvitse h\u00e4vet\u00e4 isompien kanavien tarjontaan. Sovimme tapaamisen minne muuallekkaan kuin Vastavirta-Klubin Yl\u00e4kerta-baariin, josta bongasin sympaattisen ja hyvin alansa tuntevan sek\u00e4 helposti haastateltavan rastap\u00e4\u00e4n.<\/h4>\n<h4>Tie Tampereelle<\/h4>\n<p style=\"text-align: justify;\">Raappanan tarina alkaa Pudasj\u00e4rvelt\u00e4, josta h\u00e4n muutti Ouluun 15-vuotiaana. Oulussa nuorukainen opiskeli media-alaa kolmen vuoden verran. Sen j\u00e4lkeen tie toi Tampereelle. Kymmenisen vuotta Tampereella asuneena h\u00e4n on tehnyt hommia freelancerina, miksaillut sek\u00e4 soitellut b\u00e4ndeiss\u00e4.<\/p>\n<p style=\"text-align: justify;\">2018 syksyll\u00e4 miehelle tuli mahdollisuus alkaa juontamaan Vastavirta-Radio-ohjelmaa. Piti saada ty\u00f6harjoittelupaikka, joka l\u00f6ytyi studiosta Belgiasta. Raappana tuli kumminkin siihen johtop\u00e4\u00e4t\u00f6kseen, ettei ty\u00f6harjoittelu ollut rahallisesti mahdollista tai kannattavaa. Piti siis keksi\u00e4 oma ty\u00f6harjoittelupaikka, ja n\u00e4in syntyi idea Pispalan radioon teht\u00e4v\u00e4st\u00e4 omasta ohjelmasta. Mies otti asian puheeksi Vastavirta-Klubin p\u00e4\u00e4llik\u00f6n kanssa, ja yhdess\u00e4 ideoitiin, ett\u00e4 ohjelma voisi olla Vastavirralle oma siten, ett\u00e4 se l\u00e4htisi jatkamaan siit\u00e4 mihin aiempi VV-Radio j\u00e4i.<\/p>\n<p style=\"text-align: justify;\">Media-ala on kiinnostanut Raappanaa pienest\u00e4 pit\u00e4en. Is\u00e4 halusi h\u00e4nest\u00e4 kirvesmiehen, joten ehk\u00e4 kyseess\u00e4 oli joku vastareaktio. Videokuvaaminen alkoi kiinnostaa tosi paljon. Ik\u00e4\u00e4 tullessa lis\u00e4\u00e4 videot vaihtuivat \u00e4\u00e4neen.<\/p>\n<p style=\"text-align: justify;\">Vastavirta-Radiota eiv\u00e4t ihmiset viel\u00e4 ole oikein l\u00f6yt\u00e4neet. Podcasteja on k\u00e4yty kuuntelemassa hieman reilu 200 tuntia, FM puolelta ei ole tietoa. Raappana my\u00f6nt\u00e4\u00e4 markkinoinnin olleen heikkoa; siihen ei ehk\u00e4 olla k\u00e4ytetty tarpeeksi aikaa.<\/p>\n<p style=\"text-align: justify;\">Mit\u00e4\u00e4n genrerajoitteita ei VV-Radiolla ole, joten kuuntelijalle on tarjontaa laidasta laitaan. Miehelle l\u00f6ytyy omia musiikkipuolen ohjelmaidoleita muun muassa edsmennyt Jyrki (MoonTV:n ohjelma vuosia sitten). Raappana haluaa soittaa hyv\u00e4\u00e4 musaa laidasta laitaan. Ihannety\u00f6p\u00e4iv\u00e4 radiohommissa on hyv\u00e4 haastattelu. Jos &#8221;bondaa&#8221; hyvin haastattelun ja haastateltavan kanssa, homma natsaa, siit\u00e4 saa hyv\u00e4t kicksit. Ihannehaastateltava on jalat maassa oleva mukava taiteilijatyyppi. Luovat ihmiset puhuvat mielenkiintoisella tavalla ja k\u00e4ytt\u00e4v\u00e4t paljon mielikuvia. Semmoista on mukava kuunnella leikkausp\u00f6yd\u00e4ll\u00e4.<\/p>\n<p style=\"text-align: justify;\">Ideana olisi tehd\u00e4 t\u00e4t\u00e4 viel\u00e4 jonkin aikaa ja l\u00e4hte\u00e4 myym\u00e4\u00e4n mahdollisesti mainosrahoitteiselle kanavalle. Halua on jatkaa, ongelma on vaan siin\u00e4, kun ihmiset ovat kiireisi\u00e4. Tulevaisuuden ty\u00f6n\u00e4kym\u00e4t raditoimittajan ty\u00f6lle ovat Matin mielest\u00e4 hyv\u00e4t. H\u00e4nell\u00e4 on my\u00f6s tunne siit\u00e4, ett\u00e4 radio on kasvava juttu nyky\u00e4\u00e4n.\u00a0 Tulevaisuudessa ihmiset Matin mielest\u00e4 tulevat l\u00f6yt\u00e4m\u00e4\u00e4n radion ja podcastit jo pelk\u00e4st\u00e4\u00e4n sen takia, ett\u00e4 televisio on IHAN PERSEEST\u00c4! Radiolla voi olla tulevaisuutta hyvinkin paljon.<\/p>\n<p style=\"text-align: justify;\">Haastattelun loppuun kysyttiin toimittajan lempikappaletta, joka t\u00e4ll\u00e4 hetkell\u00e4 on Abduktio-yhtyeen uusimalla levyll\u00e4 oleva kappale &#8217;Abduktio vs. kansainv\u00e4linen kassakriisi&#8217;. Vastavirta-Radion kanavataajuus on 99,5,\u00a0 ja se kuuluu joka kuun ensimm\u00e4isen\u00e4 maanantaina klo 20:00.<\/p>\n<p>&nbsp;<\/p>\n<p>Teksti: Arto Toikkanen<\/p>\n","protected":false},"excerpt":{"rendered":"<div class=\"mh-excerpt\"><p>Pispalan radio otti Vastavirta radion uudelleen ohjelmistoonsa tuoreella otteella. Ohjelma n\u00e4in\u00e4 p\u00e4ivin\u00e4 rulaa, joten toimittaja istutettiin penkkiin ja alettiin kyselem\u00e4\u00e4n. <a class=\"mh-excerpt-more\" href=\"http:\/\/www.nauhalainen.fi\/wp\/vastavirta-radio\/\" title=\"Vastavirta-Radio\">[&#8230;]<\/a><\/p>\n<\/div>","protected":false},"author":4,"featured_media":6327,"comment_status":"open","ping_status":"open","sticky":false,"template":"","format":"standard","meta":{"jetpack_post_was_ever_published":false,"_jetpack_newsletter_access":"","_jetpack_dont_email_post_to_subs":false,"_jetpack_newsletter_tier_id":0,"_jetpack_memberships_contains_paywalled_content":false,"_jetpack_memberships_contains_paid_content":false,"footnotes":"","jetpack_publicize_message":"","jetpack_publicize_feature_enabled":true,"jetpack_social_post_already_shared":true,"jetpack_social_options":{"image_generator_settings":{"template":"highway","enabled":false},"version":2}},"categories":[411,34,46,406,1],"tags":[447,448,446],"class_list":{"0":"post-6276","1":"post","2":"type-post","3":"status-publish","4":"format-standard","5":"has-post-thumbnail","7":"category-harrastus-ja-vapaa-aika","8":"category-kulttuuri","9":"category-lifestyle","10":"category-musiikki","11":"category-yleinen","12":"tag-pispalan-radio","13":"tag-radiokanava","14":"tag-vastavirta-radio"},"jetpack_publicize_connections":[],"jetpack_featured_media_url":"https:\/\/i0.wp.com\/www.nauhalainen.fi\/wp\/wp-content\/uploads\/2019\/02\/VASTAVIRTARADIO.jpg?fit=836%2C309","jetpack_sharing_enabled":true,"jetpack_shortlink":"https:\/\/wp.me\/pa0EdI-1De","jetpack-related-posts":[],"_links":{"self":[{"href":"http:\/\/www.nauhalainen.fi\/wp\/wp-json\/wp\/v2\/posts\/6276","targetHints":{"allow":["GET"]}}],"collection":[{"href":"http:\/\/www.nauhalainen.fi\/wp\/wp-json\/wp\/v2\/posts"}],"about":[{"href":"http:\/\/www.nauhalainen.fi\/wp\/wp-json\/wp\/v2\/types\/post"}],"author":[{"embeddable":true,"href":"http:\/\/www.nauhalainen.fi\/wp\/wp-json\/wp\/v2\/users\/4"}],"replies":[{"embeddable":true,"href":"http:\/\/www.nauhalainen.fi\/wp\/wp-json\/wp\/v2\/comments?post=6276"}],"version-history":[{"count":16,"href":"http:\/\/www.nauhalainen.fi\/wp\/wp-json\/wp\/v2\/posts\/6276\/revisions"}],"predecessor-version":[{"id":6342,"href":"http:\/\/www.nauhalainen.fi\/wp\/wp-json\/wp\/v2\/posts\/6276\/revisions\/6342"}],"wp:featuredmedia":[{"embeddable":true,"href":"http:\/\/www.nauhalainen.fi\/wp\/wp-json\/wp\/v2\/media\/6327"}],"wp:attachment":[{"href":"http:\/\/www.nauhalainen.fi\/wp\/wp-json\/wp\/v2\/media?parent=6276"}],"wp:term":[{"taxonomy":"category","embeddable":true,"href":"http:\/\/www.nauhalainen.fi\/wp\/wp-json\/wp\/v2\/categories?post=6276"},{"taxonomy":"post_tag","embeddable":true,"href":"http:\/\/www.nauhalainen.fi\/wp\/wp-json\/wp\/v2\/tags?post=6276"}],"curies":[{"name":"wp","href":"https:\/\/api.w.org\/{rel}","templated":true}]}}