{"id":18070,"date":"2022-08-15T09:00:57","date_gmt":"2022-08-15T06:00:57","guid":{"rendered":"http:\/\/www.nauhalainen.fi\/wp\/?p=18070"},"modified":"2022-08-15T09:06:32","modified_gmt":"2022-08-15T06:06:32","slug":"yleistietovisa-80","status":"publish","type":"post","link":"http:\/\/www.nauhalainen.fi\/wp\/yleistietovisa-80\/","title":{"rendered":"Yleistietovisa #80"},"content":{"rendered":"<style type=\"text\/css\" id=\"wq-trivia-custom-css\">.wq-quiz-18069 {\n--wq-question-width: 100%;\n--wq-question-color: #009cff;\n--wq-question-height: auto;\n--wq-bar-color: #00c479;\n--wq-font-color: #444;\n--wq-background-color: #f2f2f2;\n}\n<\/style><!-- wp quiz -->\n<div id=\"wp-quiz-18069\" class=\"wq_quizCtr single trivia_quiz wq-quiz wq-quiz-18069 wq-quiz-trivia wq-layout-single wq-skin-traditional\" data-quiz-id=\"18069\">\n<div class=\"wq-questions wq_questionsCtr\">\n\t<div class=\"wq-question wq_singleQuestionWrapper\" data-index=\"0\">\n\n\t\n\t<div class=\"wq_singleQuestionCtr\">\n\t\t<div class=\"wq_questionTextWrapper quiz-pro-clearfix\">\n\t\t\t<div class=\"wq_questionTextCtr\">\n\t\t\t\t<h4>1. Mik\u00e4 oli Cassius Clay Jr:n (Muhammad Ali) toinen nimi?<\/h4>\n\t\t\t<\/div>\n\t\t<\/div>\n\n\t\t<div class=\"wq_questionMediaCtr\">\n\t\t\t\t\t<\/div>\n\n\t\t<div class=\"wq-question-answers wq_questionAnswersCtr\">\n\t\t\t\n\t\t\t<div class=\"wq-answers wq_answersWrapper\">\n\t\t\t<div class=\"wq-answer wq_singleAnswerCtr\" data-id=\"0jetk\">\n\t\t\t<label class=\"wq_answerTxtCtr\">Marcellus<\/label>\n\t\t<\/div>\n\t\t\t<div class=\"wq-answer wq_singleAnswerCtr\" data-id=\"h7l1a\">\n\t\t\t<label class=\"wq_answerTxtCtr\">Karamzin<\/label>\n\t\t<\/div>\n\t\t\t<div class=\"wq-answer wq_singleAnswerCtr\" data-id=\"hkgx2\">\n\t\t\t<label class=\"wq_answerTxtCtr\">Claudius<\/label>\n\t\t<\/div>\n\t<\/div>\n\t\t<\/div>\n\n\t\t\n\t\t<div class=\"wq-trivia-question-explanation wq_triviaQuestionExplanation\">\n\t\t\t<div class=\"wq-explanation-head wq_ExplanationHead\">\n\t\t\t\t<span class=\"wq-explanation-head-correct\">Correct!<\/span>\n\t\t\t\t<span class=\"wq-explanation-head-incorrect\">Wrong!<\/span>\n\t\t\t<\/div>\n\t\t\t<p class=\"wq-explanation-text wq_QuestionExplanationText\">Muhammad Ali (alkuper\u00e4iselt\u00e4 nimelt\u00e4\u00e4n Cassius Marcellus Clay Jr., 17. tammikuuta 1942 Louisville, Kentucky \u2013 3. kes\u00e4kuuta 2016 Scottsdale, Arizona) oli yhdysvaltalainen raskaansarjan nyrkkeilij\u00e4. Ali oli ammattilaisten raskaansarjan kolminkertainen maailmanmestari, jota pidet\u00e4\u00e4n yleisesti yhten\u00e4 kaikkien aikojen parhaimmista nyrkkeilij\u00f6ist\u00e4 ja merkitt\u00e4vimmist\u00e4 urheilijoista. H\u00e4n otti nimen Muhammad Ali k\u00e4ytt\u00f6\u00f6n vuonna 1964 k\u00e4\u00e4nnytty\u00e4\u00e4n islaminuskoon, mutta ehti sit\u00e4 ennen k\u00e4ytt\u00e4\u00e4 my\u00f6s nime\u00e4 Cassius X.<\/p>\n\t\t<\/div>\n\t<\/div>\n\n\t\n<\/div>\n<div class=\"wq-question wq_singleQuestionWrapper\" data-index=\"1\">\n\n\t\n\t<div class=\"wq_singleQuestionCtr\">\n\t\t<div class=\"wq_questionTextWrapper quiz-pro-clearfix\">\n\t\t\t<div class=\"wq_questionTextCtr\">\n\t\t\t\t<h4>2. Kuka on Intian presidentti?<\/h4>\n\t\t\t<\/div>\n\t\t<\/div>\n\n\t\t<div class=\"wq_questionMediaCtr\">\n\t\t\t\t\t<\/div>\n\n\t\t<div class=\"wq-question-answers wq_questionAnswersCtr\">\n\t\t\t\n\t\t\t<div class=\"wq-answers wq_answersWrapper\">\n\t\t\t<div class=\"wq-answer wq_singleAnswerCtr\" data-id=\"3oh1n\">\n\t\t\t<label class=\"wq_answerTxtCtr\">Draupadi Murmu<\/label>\n\t\t<\/div>\n\t\t\t<div class=\"wq-answer wq_singleAnswerCtr\" data-id=\"sx4ma\">\n\t\t\t<label class=\"wq_answerTxtCtr\">Narendra Modi<\/label>\n\t\t<\/div>\n\t\t\t<div class=\"wq-answer wq_singleAnswerCtr\" data-id=\"sx9sf\">\n\t\t\t<label class=\"wq_answerTxtCtr\">Ramesh Bais<\/label>\n\t\t<\/div>\n\t<\/div>\n\t\t<\/div>\n\n\t\t\n\t\t<div class=\"wq-trivia-question-explanation wq_triviaQuestionExplanation\">\n\t\t\t<div class=\"wq-explanation-head wq_ExplanationHead\">\n\t\t\t\t<span class=\"wq-explanation-head-correct\">Correct!<\/span>\n\t\t\t\t<span class=\"wq-explanation-head-incorrect\">Wrong!<\/span>\n\t\t\t<\/div>\n\t\t\t<p class=\"wq-explanation-text wq_QuestionExplanationText\">Draupadi Murmu on intialainen poliitikko, joka valittiin vuonna 2022 Intian presidentiksi. Sit\u00e4 ennen h\u00e4n toimi Jharkhandin kuvern\u00f6\u00f6rin\u00e4 2015\u20132021. H\u00e4n edustaa Intian kansanpuoluetta (BJP).<\/p>\n\t\t<\/div>\n\t<\/div>\n\n\t\n<\/div>\n<div class=\"wq-question wq_singleQuestionWrapper\" data-index=\"2\">\n\n\t\n\t<div class=\"wq_singleQuestionCtr\">\n\t\t<div class=\"wq_questionTextWrapper quiz-pro-clearfix\">\n\t\t\t<div class=\"wq_questionTextCtr\">\n\t\t\t\t<h4>3. Kuka USA:n presidentti j\u00e4tti virkansa Watergate -skandaalin vuoksi?<\/h4>\n\t\t\t<\/div>\n\t\t<\/div>\n\n\t\t<div class=\"wq_questionMediaCtr\">\n\t\t\t\t\t<\/div>\n\n\t\t<div class=\"wq-question-answers wq_questionAnswersCtr\">\n\t\t\t\n\t\t\t<div class=\"wq-answers wq_answersWrapper\">\n\t\t\t<div class=\"wq-answer wq_singleAnswerCtr\" data-id=\"ftkg7\">\n\t\t\t<label class=\"wq_answerTxtCtr\">Richard Nixon<\/label>\n\t\t<\/div>\n\t\t\t<div class=\"wq-answer wq_singleAnswerCtr\" data-id=\"z53o6\">\n\t\t\t<label class=\"wq_answerTxtCtr\">Gerald Ford<\/label>\n\t\t<\/div>\n\t\t\t<div class=\"wq-answer wq_singleAnswerCtr\" data-id=\"8okps\">\n\t\t\t<label class=\"wq_answerTxtCtr\">Jimmy Carter<\/label>\n\t\t<\/div>\n\t<\/div>\n\t\t<\/div>\n\n\t\t\n\t\t<div class=\"wq-trivia-question-explanation wq_triviaQuestionExplanation\">\n\t\t\t<div class=\"wq-explanation-head wq_ExplanationHead\">\n\t\t\t\t<span class=\"wq-explanation-head-correct\">Correct!<\/span>\n\t\t\t\t<span class=\"wq-explanation-head-incorrect\">Wrong!<\/span>\n\t\t\t<\/div>\n\t\t\t<p class=\"wq-explanation-text wq_QuestionExplanationText\">Watergate oli tietovuoto, poliittinen skandaali ja perustuslaillinen kriisi Yhdysvalloissa vuosina 1972\u20131974. Se johti presidentti Richard Nixonin eroon. V\u00e4h\u00e4n ennen Yhdysvaltain presidentinvaaleja vuonna 1972 silloisen presidentti Nixonin yksityiset avustajat, lempinimelt\u00e4\u00e4n \u201dPutkimiehet\u201d, murtautuivat kilpailevan demokraattisen puolueen vaalitoimistoon, josta he j\u00e4iv\u00e4t kiinni itse teossa. Kyseinen toimisto sijaitsi Washingtonissa Watergaten hotelli- ja toimistorakennuksessa, josta skandaali sai nimens\u00e4. Nixon erosi oma-aloitteisesti virastaan vuonna 1974, ja h\u00e4nen seuraajansa Gerald Ford armahti h\u00e4net.<\/p>\n\t\t<\/div>\n\t<\/div>\n\n\t\n<\/div>\n<div class=\"wq-question wq_singleQuestionWrapper\" data-index=\"3\">\n\n\t\n\t<div class=\"wq_singleQuestionCtr\">\n\t\t<div class=\"wq_questionTextWrapper quiz-pro-clearfix\">\n\t\t\t<div class=\"wq_questionTextCtr\">\n\t\t\t\t<h4>4. Kuka valittiin Sri Lankan presidentiksi Gotabaya Rajapaksan j\u00e4tetty\u00e4 virkansa?<\/h4>\n\t\t\t<\/div>\n\t\t<\/div>\n\n\t\t<div class=\"wq_questionMediaCtr\">\n\t\t\t\t\t<\/div>\n\n\t\t<div class=\"wq-question-answers wq_questionAnswersCtr\">\n\t\t\t\n\t\t\t<div class=\"wq-answers wq_answersWrapper\">\n\t\t\t<div class=\"wq-answer wq_singleAnswerCtr\" data-id=\"sl5mu\">\n\t\t\t<label class=\"wq_answerTxtCtr\">Chandrika Kumaratunga<\/label>\n\t\t<\/div>\n\t\t\t<div class=\"wq-answer wq_singleAnswerCtr\" data-id=\"b5am4\">\n\t\t\t<label class=\"wq_answerTxtCtr\">Ratnasiri Wickremanayake<\/label>\n\t\t<\/div>\n\t\t\t<div class=\"wq-answer wq_singleAnswerCtr\" data-id=\"672al\">\n\t\t\t<label class=\"wq_answerTxtCtr\">Ranil Wickremesinghe<\/label>\n\t\t<\/div>\n\t<\/div>\n\t\t<\/div>\n\n\t\t\n\t\t<div class=\"wq-trivia-question-explanation wq_triviaQuestionExplanation\">\n\t\t\t<div class=\"wq-explanation-head wq_ExplanationHead\">\n\t\t\t\t<span class=\"wq-explanation-head-correct\">Correct!<\/span>\n\t\t\t\t<span class=\"wq-explanation-head-incorrect\">Wrong!<\/span>\n\t\t\t<\/div>\n\t\t\t<p class=\"wq-explanation-text wq_QuestionExplanationText\">Ranil Wickremesinghe on Sri Lankan nykyinen presidentti. H\u00e4net valittiin presidentiksi hein\u00e4kuussa 2022. Aikaisemmin h\u00e4n on toiminut maansa p\u00e4\u00e4ministerin\u00e4 kolmeen otteeseen, 1993\u20131994, 2001\u20132004 ja 2015\u20132018. H\u00e4n on toiminut my\u00f6s UNP-puolueen (United National Party) johtajana.<\/p>\n\t\t<\/div>\n\t<\/div>\n\n\t\n<\/div>\n<div class=\"wq-question wq_singleQuestionWrapper\" data-index=\"4\">\n\n\t\n\t<div class=\"wq_singleQuestionCtr\">\n\t\t<div class=\"wq_questionTextWrapper quiz-pro-clearfix\">\n\t\t\t<div class=\"wq_questionTextCtr\">\n\t\t\t\t<h4>5. Onko sahdilla EU:n nimisuoja?<\/h4>\n\t\t\t<\/div>\n\t\t<\/div>\n\n\t\t<div class=\"wq_questionMediaCtr\">\n\t\t\t\t\t<\/div>\n\n\t\t<div class=\"wq-question-answers wq_questionAnswersCtr\">\n\t\t\t\n\t\t\t<div class=\"wq-answers wq_answersWrapper\">\n\t\t\t<div class=\"wq-answer wq_singleAnswerCtr\" data-id=\"zczc9\">\n\t\t\t<label class=\"wq_answerTxtCtr\">En ole varma<\/label>\n\t\t<\/div>\n\t\t\t<div class=\"wq-answer wq_singleAnswerCtr\" data-id=\"ynwna\">\n\t\t\t<label class=\"wq_answerTxtCtr\">Kyll\u00e4<\/label>\n\t\t<\/div>\n\t\t\t<div class=\"wq-answer wq_singleAnswerCtr\" data-id=\"7rk4h\">\n\t\t\t<label class=\"wq_answerTxtCtr\">Ei<\/label>\n\t\t<\/div>\n\t<\/div>\n\t\t<\/div>\n\n\t\t\n\t\t<div class=\"wq-trivia-question-explanation wq_triviaQuestionExplanation\">\n\t\t\t<div class=\"wq-explanation-head wq_ExplanationHead\">\n\t\t\t\t<span class=\"wq-explanation-head-correct\">Correct!<\/span>\n\t\t\t\t<span class=\"wq-explanation-head-incorrect\">Wrong!<\/span>\n\t\t\t<\/div>\n\t\t\t<p class=\"wq-explanation-text wq_QuestionExplanationText\">Sahti on perinteinen suomalainen suodattamaton olut, jonka teossa k\u00e4ytet\u00e4\u00e4n etup\u00e4\u00e4ss\u00e4 ohra- ja lis\u00e4n\u00e4 v\u00e4h\u00e4isess\u00e4 m\u00e4\u00e4rin ruismaltaita sek\u00e4 joskus vehn\u00e4\u00e4 ja kauraa. Sahti k\u00e4ytet\u00e4\u00e4n tuorehiivalla ja maustetaan usein katajalla tai katajanmarjoilla, toisinaan my\u00f6s humalalla. On arvioitu, ett\u00e4 sahtia on valmistettu yli 2 000 vuotta.<\/p>\n\t\t<\/div>\n\t<\/div>\n\n\t\n<\/div>\n<div class=\"wq-question wq_singleQuestionWrapper\" data-index=\"5\">\n\n\t\n\t<div class=\"wq_singleQuestionCtr\">\n\t\t<div class=\"wq_questionTextWrapper quiz-pro-clearfix\">\n\t\t\t<div class=\"wq_questionTextCtr\">\n\t\t\t\t<h4>6. Mik\u00e4 kansantajuinen numero muodostuu roomalaisista numeroista MCMLXXXIV?<\/h4>\n\t\t\t<\/div>\n\t\t<\/div>\n\n\t\t<div class=\"wq_questionMediaCtr\">\n\t\t\t\t\t<\/div>\n\n\t\t<div class=\"wq-question-answers wq_questionAnswersCtr\">\n\t\t\t\n\t\t\t<div class=\"wq-answers wq_answersWrapper\">\n\t\t\t<div class=\"wq-answer wq_singleAnswerCtr\" data-id=\"qgae3\">\n\t\t\t<label class=\"wq_answerTxtCtr\">1984<\/label>\n\t\t<\/div>\n\t\t\t<div class=\"wq-answer wq_singleAnswerCtr\" data-id=\"22tij\">\n\t\t\t<label class=\"wq_answerTxtCtr\">1974<\/label>\n\t\t<\/div>\n\t\t\t<div class=\"wq-answer wq_singleAnswerCtr\" data-id=\"xjcst\">\n\t\t\t<label class=\"wq_answerTxtCtr\">1994<\/label>\n\t\t<\/div>\n\t<\/div>\n\t\t<\/div>\n\n\t\t\n\t\t<div class=\"wq-trivia-question-explanation wq_triviaQuestionExplanation\">\n\t\t\t<div class=\"wq-explanation-head wq_ExplanationHead\">\n\t\t\t\t<span class=\"wq-explanation-head-correct\">Correct!<\/span>\n\t\t\t\t<span class=\"wq-explanation-head-incorrect\">Wrong!<\/span>\n\t\t\t<\/div>\n\t\t\t<p class=\"wq-explanation-text wq_QuestionExplanationText\">Roomalaiset numerot on etruskien numeroista muokattu antiikin Roomassa yleistynyt ja pitk\u00e4\u00e4n k\u00e4ytetty numeroj\u00e4rjestelm\u00e4. Roomalaiset numerot perustuvat kirjaimiin I, V, X, L, C, D ja M, joista jokaista vastaa tietty arvo. Kirjaimia yhdistelem\u00e4ll\u00e4 voidaan muodostaa lis\u00e4\u00e4 lukuja.<\/p>\n\t\t<\/div>\n\t<\/div>\n\n\t\n<\/div>\n<div class=\"wq-question wq_singleQuestionWrapper\" data-index=\"6\">\n\n\t\n\t<div class=\"wq_singleQuestionCtr\">\n\t\t<div class=\"wq_questionTextWrapper quiz-pro-clearfix\">\n\t\t\t<div class=\"wq_questionTextCtr\">\n\t\t\t\t<h4>7. 9.8 vietet\u00e4\u00e4n Tove Janssonin ja suomalaisen taiteen p\u00e4iv\u00e4\u00e4. Onko kyseess\u00e4 virallinen, suositeltu vai ei mik\u00e4\u00e4n liputusp\u00e4iv\u00e4?<\/h4>\n\t\t\t<\/div>\n\t\t<\/div>\n\n\t\t<div class=\"wq_questionMediaCtr\">\n\t\t\t\t\t<\/div>\n\n\t\t<div class=\"wq-question-answers wq_questionAnswersCtr\">\n\t\t\t\n\t\t\t<div class=\"wq-answers wq_answersWrapper\">\n\t\t\t<div class=\"wq-answer wq_singleAnswerCtr\" data-id=\"kp9ra\">\n\t\t\t<label class=\"wq_answerTxtCtr\">Virallinen<\/label>\n\t\t<\/div>\n\t\t\t<div class=\"wq-answer wq_singleAnswerCtr\" data-id=\"4027t\">\n\t\t\t<label class=\"wq_answerTxtCtr\">Suositeltu<\/label>\n\t\t<\/div>\n\t\t\t<div class=\"wq-answer wq_singleAnswerCtr\" data-id=\"tjqu3\">\n\t\t\t<label class=\"wq_answerTxtCtr\">Ei ole liputusp\u00e4iv\u00e4<\/label>\n\t\t<\/div>\n\t<\/div>\n\t\t<\/div>\n\n\t\t\n\t\t<div class=\"wq-trivia-question-explanation wq_triviaQuestionExplanation\">\n\t\t\t<div class=\"wq-explanation-head wq_ExplanationHead\">\n\t\t\t\t<span class=\"wq-explanation-head-correct\">Correct!<\/span>\n\t\t\t\t<span class=\"wq-explanation-head-incorrect\">Wrong!<\/span>\n\t\t\t<\/div>\n\t\t\t<p class=\"wq-explanation-text wq_QuestionExplanationText\">Tove Janssonin ja suomalaisen taiteen p\u00e4iv\u00e4 on sis\u00e4ministeri\u00f6n p\u00e4\u00e4t\u00f6ksell\u00e4 suositeltu liputusp\u00e4iv\u00e4.<\/p>\n\t\t<\/div>\n\t<\/div>\n\n\t\n<\/div>\n<div class=\"wq-question wq_singleQuestionWrapper\" data-index=\"7\">\n\n\t\n\t<div class=\"wq_singleQuestionCtr\">\n\t\t<div class=\"wq_questionTextWrapper quiz-pro-clearfix\">\n\t\t\t<div class=\"wq_questionTextCtr\">\n\t\t\t\t<h4>8. Mik\u00e4 on Unkarin kolmanneksi suurin kaupunki?<\/h4>\n\t\t\t<\/div>\n\t\t<\/div>\n\n\t\t<div class=\"wq_questionMediaCtr\">\n\t\t\t\t\t<\/div>\n\n\t\t<div class=\"wq-question-answers wq_questionAnswersCtr\">\n\t\t\t\n\t\t\t<div class=\"wq-answers wq_answersWrapper\">\n\t\t\t<div class=\"wq-answer wq_singleAnswerCtr\" data-id=\"j2awj\">\n\t\t\t<label class=\"wq_answerTxtCtr\">Szeged<\/label>\n\t\t<\/div>\n\t\t\t<div class=\"wq-answer wq_singleAnswerCtr\" data-id=\"lul58\">\n\t\t\t<label class=\"wq_answerTxtCtr\">Szentmih\u00e1lytelek<\/label>\n\t\t<\/div>\n\t\t\t<div class=\"wq-answer wq_singleAnswerCtr\" data-id=\"0jkry\">\n\t\t\t<label class=\"wq_answerTxtCtr\">Budapest<\/label>\n\t\t<\/div>\n\t<\/div>\n\t\t<\/div>\n\n\t\t\n\t\t<div class=\"wq-trivia-question-explanation wq_triviaQuestionExplanation\">\n\t\t\t<div class=\"wq-explanation-head wq_ExplanationHead\">\n\t\t\t\t<span class=\"wq-explanation-head-correct\">Correct!<\/span>\n\t\t\t\t<span class=\"wq-explanation-head-incorrect\">Wrong!<\/span>\n\t\t\t<\/div>\n\t\t\t<p class=\"wq-explanation-text wq_QuestionExplanationText\">Szeged on Unkarin kolmanneksi suurin kaupunki. Se sijaitsee Tisza-joen varrella Csongr\u00e1din l\u00e4\u00e4niss\u00e4 maan etel\u00e4osassa. Kaupungissa on yliopisto ja kumi-, tekstiili- ja rautateollisuutta. Vuonna 2009 kaupungissa oli 169 030 asukasta ja sen pinta-ala on 281,00 neli\u00f6kilometri\u00e4.<\/p>\n\t\t<\/div>\n\t<\/div>\n\n\t\n<\/div>\n<div class=\"wq-question wq_singleQuestionWrapper\" data-index=\"8\">\n\n\t\n\t<div class=\"wq_singleQuestionCtr\">\n\t\t<div class=\"wq_questionTextWrapper quiz-pro-clearfix\">\n\t\t\t<div class=\"wq_questionTextCtr\">\n\t\t\t\t<h4>9. Mink\u00e4 maakunnan maakuntalaulu on Vihreiden harjujen maa?<\/h4>\n\t\t\t<\/div>\n\t\t<\/div>\n\n\t\t<div class=\"wq_questionMediaCtr\">\n\t\t\t\t\t<\/div>\n\n\t\t<div class=\"wq-question-answers wq_questionAnswersCtr\">\n\t\t\t\n\t\t\t<div class=\"wq-answers wq_answersWrapper\">\n\t\t\t<div class=\"wq-answer wq_singleAnswerCtr\" data-id=\"ujlz0\">\n\t\t\t<label class=\"wq_answerTxtCtr\">Kanta-H\u00e4me<\/label>\n\t\t<\/div>\n\t\t\t<div class=\"wq-answer wq_singleAnswerCtr\" data-id=\"tpluk\">\n\t\t\t<label class=\"wq_answerTxtCtr\">P\u00e4ij\u00e4t-H\u00e4me<\/label>\n\t\t<\/div>\n\t\t\t<div class=\"wq-answer wq_singleAnswerCtr\" data-id=\"5rmxb\">\n\t\t\t<label class=\"wq_answerTxtCtr\">Kainuu<\/label>\n\t\t<\/div>\n\t<\/div>\n\t\t<\/div>\n\n\t\t\n\t\t<div class=\"wq-trivia-question-explanation wq_triviaQuestionExplanation\">\n\t\t\t<div class=\"wq-explanation-head wq_ExplanationHead\">\n\t\t\t\t<span class=\"wq-explanation-head-correct\">Correct!<\/span>\n\t\t\t\t<span class=\"wq-explanation-head-incorrect\">Wrong!<\/span>\n\t\t\t<\/div>\n\t\t\t<p class=\"wq-explanation-text wq_QuestionExplanationText\">\u00bbTuulessa purje vie venett\u00e4\u00e4n yli v\u00e4lkkyv\u00e4n P\u00e4ij\u00e4nteen.\r\nTaivaalla pilvet k\u00e4y leikkej\u00e4\u00e4n ja nauravat peiliss\u00e4 veen.\r\nElokuun aamuiset pellot huokuvat kultaisen tuoksun.\r\nKuin kuulisin kartanon kellot ja V\u00e4\u00e4ksylt\u00e4 vesien juoksun.\r\nT\u00e4t\u00e4 maata en mielest\u00e4in heit\u00e4.\r\nSen sylist\u00e4 voimani saan.\r\nVaikka kiirehdin el\u00e4m\u00e4n teit\u00e4, niin kotiini tuun uudestaan.\u00bb <\/p>\n\t\t<\/div>\n\t<\/div>\n\n\t\n<\/div>\n<div class=\"wq-question wq_singleQuestionWrapper\" data-index=\"9\">\n\n\t\n\t<div class=\"wq_singleQuestionCtr\">\n\t\t<div class=\"wq_questionTextWrapper quiz-pro-clearfix\">\n\t\t\t<div class=\"wq_questionTextCtr\">\n\t\t\t\t<h4>10. Mik\u00e4 Alfred Nobel oli koulutukseltaan?<\/h4>\n\t\t\t<\/div>\n\t\t<\/div>\n\n\t\t<div class=\"wq_questionMediaCtr\">\n\t\t\t\t\t<\/div>\n\n\t\t<div class=\"wq-question-answers wq_questionAnswersCtr\">\n\t\t\t\n\t\t\t<div class=\"wq-answers wq_answersWrapper\">\n\t\t\t<div class=\"wq-answer wq_singleAnswerCtr\" data-id=\"6nmj0\">\n\t\t\t<label class=\"wq_answerTxtCtr\">Fyysikko<\/label>\n\t\t<\/div>\n\t\t\t<div class=\"wq-answer wq_singleAnswerCtr\" data-id=\"znreq\">\n\t\t\t<label class=\"wq_answerTxtCtr\">Kemisti<\/label>\n\t\t<\/div>\n\t\t\t<div class=\"wq-answer wq_singleAnswerCtr\" data-id=\"oxj1k\">\n\t\t\t<label class=\"wq_answerTxtCtr\">Ekonomi<\/label>\n\t\t<\/div>\n\t<\/div>\n\t\t<\/div>\n\n\t\t\n\t\t<div class=\"wq-trivia-question-explanation wq_triviaQuestionExplanation\">\n\t\t\t<div class=\"wq-explanation-head wq_ExplanationHead\">\n\t\t\t\t<span class=\"wq-explanation-head-correct\">Correct!<\/span>\n\t\t\t\t<span class=\"wq-explanation-head-incorrect\">Wrong!<\/span>\n\t\t\t<\/div>\n\t\t\t<p class=\"wq-explanation-text wq_QuestionExplanationText\">Alfred Bernhard Nobel oli ruotsalainen kemisti, insin\u00f6\u00f6ri ja dynamiitin keksij\u00e4. H\u00e4n m\u00e4\u00e4r\u00e4si testamentissaan omaisuutensa k\u00e4ytett\u00e4v\u00e4ksi Nobel-palkintoja jakavan s\u00e4\u00e4ti\u00f6n perustamiseksi. Alfred Nobel tunnetaan my\u00f6s keksinn\u00f6ill\u00e4\u00e4n menestyneen\u00e4 liikemiehen\u00e4.<\/p>\n\t\t<\/div>\n\t<\/div>\n\n\t\n<\/div>\n<\/div>\n<\/div>\n<!-- \/\/ wp quiz-->\n\n<p>Visan v\u00e4kersi: Matti R<\/p>\n","protected":false},"excerpt":{"rendered":"<div class=\"mh-excerpt\"><p>Hassuja nimi\u00e4 ja maakuntatietoutta. <a class=\"mh-excerpt-more\" href=\"http:\/\/www.nauhalainen.fi\/wp\/yleistietovisa-80\/\" title=\"Yleistietovisa #80\">[&#8230;]<\/a><\/p>\n<\/div>","protected":false},"author":4,"featured_media":12087,"comment_status":"open","ping_status":"open","sticky":false,"template":"","format":"standard","meta":{"jetpack_post_was_ever_published":false,"_jetpack_newsletter_access":"","_jetpack_dont_email_post_to_subs":false,"_jetpack_newsletter_tier_id":0,"_jetpack_memberships_contains_paywalled_content":false,"_jetpack_memberships_contains_paid_content":false,"footnotes":"","jetpack_publicize_message":"","jetpack_publicize_feature_enabled":true,"jetpack_social_post_already_shared":true,"jetpack_social_options":{"image_generator_settings":{"template":"highway","enabled":false},"version":2}},"categories":[365],"tags":[],"class_list":{"0":"post-18070","1":"post","2":"type-post","3":"status-publish","4":"format-standard","5":"has-post-thumbnail","7":"category-tiatovisa"},"jetpack_publicize_connections":[],"jetpack_featured_media_url":"https:\/\/i0.wp.com\/www.nauhalainen.fi\/wp\/wp-content\/uploads\/2020\/05\/yleistietovisa.jpg?fit=1280%2C720","jetpack_sharing_enabled":true,"jetpack_shortlink":"https:\/\/wp.me\/pa0EdI-4Hs","jetpack-related-posts":[],"_links":{"self":[{"href":"http:\/\/www.nauhalainen.fi\/wp\/wp-json\/wp\/v2\/posts\/18070","targetHints":{"allow":["GET"]}}],"collection":[{"href":"http:\/\/www.nauhalainen.fi\/wp\/wp-json\/wp\/v2\/posts"}],"about":[{"href":"http:\/\/www.nauhalainen.fi\/wp\/wp-json\/wp\/v2\/types\/post"}],"author":[{"embeddable":true,"href":"http:\/\/www.nauhalainen.fi\/wp\/wp-json\/wp\/v2\/users\/4"}],"replies":[{"embeddable":true,"href":"http:\/\/www.nauhalainen.fi\/wp\/wp-json\/wp\/v2\/comments?post=18070"}],"version-history":[{"count":1,"href":"http:\/\/www.nauhalainen.fi\/wp\/wp-json\/wp\/v2\/posts\/18070\/revisions"}],"predecessor-version":[{"id":18071,"href":"http:\/\/www.nauhalainen.fi\/wp\/wp-json\/wp\/v2\/posts\/18070\/revisions\/18071"}],"wp:featuredmedia":[{"embeddable":true,"href":"http:\/\/www.nauhalainen.fi\/wp\/wp-json\/wp\/v2\/media\/12087"}],"wp:attachment":[{"href":"http:\/\/www.nauhalainen.fi\/wp\/wp-json\/wp\/v2\/media?parent=18070"}],"wp:term":[{"taxonomy":"category","embeddable":true,"href":"http:\/\/www.nauhalainen.fi\/wp\/wp-json\/wp\/v2\/categories?post=18070"},{"taxonomy":"post_tag","embeddable":true,"href":"http:\/\/www.nauhalainen.fi\/wp\/wp-json\/wp\/v2\/tags?post=18070"}],"curies":[{"name":"wp","href":"https:\/\/api.w.org\/{rel}","templated":true}]}}