{"id":16732,"date":"2021-12-19T07:00:27","date_gmt":"2021-12-19T05:00:27","guid":{"rendered":"http:\/\/www.nauhalainen.fi\/wp\/?p=16732"},"modified":"2021-12-15T09:34:35","modified_gmt":"2021-12-15T07:34:35","slug":"nauhalaisen-joulukalenteri-luukku-19","status":"publish","type":"post","link":"http:\/\/www.nauhalainen.fi\/wp\/nauhalaisen-joulukalenteri-luukku-19\/","title":{"rendered":"Nauhalaisen joulukalenteri, luukku 19"},"content":{"rendered":"<p><img data-recalc-dims=\"1\" loading=\"lazy\" decoding=\"async\" data-attachment-id=\"16750\" data-permalink=\"http:\/\/www.nauhalainen.fi\/wp\/nauhalaisen-joulukalenteri-luukku-19\/adventti\/\" data-orig-file=\"https:\/\/i0.wp.com\/www.nauhalainen.fi\/wp\/wp-content\/uploads\/2021\/12\/adventti.png?fit=1476%2C1266\" data-orig-size=\"1476,1266\" data-comments-opened=\"1\" data-image-meta=\"{&quot;aperture&quot;:&quot;0&quot;,&quot;credit&quot;:&quot;&quot;,&quot;camera&quot;:&quot;&quot;,&quot;caption&quot;:&quot;&quot;,&quot;created_timestamp&quot;:&quot;0&quot;,&quot;copyright&quot;:&quot;&quot;,&quot;focal_length&quot;:&quot;0&quot;,&quot;iso&quot;:&quot;0&quot;,&quot;shutter_speed&quot;:&quot;0&quot;,&quot;title&quot;:&quot;&quot;,&quot;orientation&quot;:&quot;0&quot;}\" data-image-title=\"adventti\" data-image-description=\"\" data-image-caption=\"\" data-medium-file=\"https:\/\/i0.wp.com\/www.nauhalainen.fi\/wp\/wp-content\/uploads\/2021\/12\/adventti.png?fit=300%2C257\" data-large-file=\"https:\/\/i0.wp.com\/www.nauhalainen.fi\/wp\/wp-content\/uploads\/2021\/12\/adventti.png?fit=1024%2C878\" class=\"size-large wp-image-16750 aligncenter\" src=\"https:\/\/i0.wp.com\/www.nauhalainen.fi\/wp\/wp-content\/uploads\/2021\/12\/adventti.png?resize=1024%2C878\" alt=\"\" width=\"1024\" height=\"878\" srcset=\"https:\/\/i0.wp.com\/www.nauhalainen.fi\/wp\/wp-content\/uploads\/2021\/12\/adventti.png?resize=1024%2C878 1024w, https:\/\/i0.wp.com\/www.nauhalainen.fi\/wp\/wp-content\/uploads\/2021\/12\/adventti.png?resize=300%2C257 300w, https:\/\/i0.wp.com\/www.nauhalainen.fi\/wp\/wp-content\/uploads\/2021\/12\/adventti.png?resize=768%2C659 768w, https:\/\/i0.wp.com\/www.nauhalainen.fi\/wp\/wp-content\/uploads\/2021\/12\/adventti.png?w=1476 1476w\" sizes=\"auto, (max-width: 1000px) 100vw, 1000px\" \/><\/p>\n<p><em>&#8221;Nyt syttyy nelj\u00e4s kynttil\u00e4, jo joulu sarastaa&#8230;&#8221;<\/em><\/p>\n<p>Monet tuntevat virren 13 Nyt syt\u00e4mme kynttil\u00e4n. Sen sijaan kynttil\u00f6iden nimet ja tarinat ovat jo hautautuneet unholaan. Nauhalainen porautui kynttil\u00e4perinteen ytimeen.<\/p>\n<p>Maallisessa perinteess\u00e4 ensimm\u00e4inen adventtikynttil\u00e4 symboloi joulun odotusta, toinen on jouluilon sytytt\u00e4j\u00e4, kolmas on joulurauhan tunnus ja nelj\u00e4s on rakkauden kynttil\u00e4. Joissakin kirkollisissa l\u00e4heteiss\u00e4 adventtikynttil\u00e4t voivat my\u00f6s merkit\u00e4 toivoa, rauhaa, rakkautta ja iloa, t\u00e4ss\u00e4 j\u00e4rjestyksess\u00e4.<\/p>\n<p>Adventtikynttil\u00f6iden perinne on todenn\u00e4k\u00f6isesti periytynyt meille adventtikranssista. Kerrotaan, ett\u00e4 saksalainen teologi Johann Hinrich Wichern teki vuonna 1839 adventtikranssin k\u00f6yhille lapsille, jotka h\u00e4n oli ottanut hoiviinsa. Lapset odottivat malttamattomana joulua ja kyseliv\u00e4t jatkuvasti, montako p\u00e4iv\u00e4\u00e4 siihen viel\u00e4 on. Wicher teki adventtikramssin helpottamaan lasten joulun odotusta.<\/p>\n<p>Kranssissa oli nelj\u00e4 valkoisen kynttil\u00e4n lis\u00e4ksi\u00a0 oli useita pienempi\u00e4 punaisia kynttil\u00f6it\u00e4, jotta lapset saattoivat sytytt\u00e4\u00e4 kynttil\u00e4n jokaisena joulunodotusp\u00e4iv\u00e4n\u00e4. Pienten kynttil\u00f6iden lukum\u00e4\u00e4r\u00e4 riippui siit\u00e4, montako arkip\u00e4iv\u00e4\u00e4 oli ensimm\u00e4isest\u00e4 adventtisunnuntaista jouluaattoon. T\u00e4m\u00e4 kranssi on sittemmin eriytynyt joulukalenteriksi (my\u00f6s adventtikalaenteri) ja nelj\u00e4ksi adventtikynttil\u00e4ksi.<\/p>\n<p>Wichern antoi merkityksen my\u00f6s kynttil\u00f6iden v\u00e4rille. H\u00e4n valitsi valkoisen symboloimaan viattomuutta ja punaisen rakkautta. Joissakin\u00a0 kirkollisissa piireiss\u00e4 kynttil\u00f6iden m\u00e4\u00e4r\u00e4ttiin olevan violetteja, koska se on adventin ajan kirkollinen v\u00e4ri. Adventtikranssin kynttil\u00f6iden v\u00e4rit vaihtelevatkin eri maiden perinteiden mukaan.<\/p>\n<p>&nbsp;<\/p>\n<p>Kuva: Lou<\/p>\n<p>Teksi: Karo<\/p>\n<p>Artikkelikuva: Nauhalainen<\/p>\n","protected":false},"excerpt":{"rendered":"<div class=\"mh-excerpt\"><p>Nauhalaisen luukku nro 19 kurkistaa adventin perinteisiin <a class=\"mh-excerpt-more\" href=\"http:\/\/www.nauhalainen.fi\/wp\/nauhalaisen-joulukalenteri-luukku-19\/\" title=\"Nauhalaisen joulukalenteri, luukku 19\">[&#8230;]<\/a><\/p>\n<\/div>","protected":false},"author":4,"featured_media":16437,"comment_status":"open","ping_status":"open","sticky":false,"template":"","format":"standard","meta":{"jetpack_post_was_ever_published":false,"_jetpack_newsletter_access":"","_jetpack_dont_email_post_to_subs":false,"_jetpack_newsletter_tier_id":0,"_jetpack_memberships_contains_paywalled_content":false,"_jetpack_memberships_contains_paid_content":false,"footnotes":"","jetpack_publicize_message":"","jetpack_publicize_feature_enabled":true,"jetpack_social_post_already_shared":true,"jetpack_social_options":{"image_generator_settings":{"template":"highway","enabled":false},"version":2}},"categories":[1458],"tags":[1477,303,1465,311],"class_list":{"0":"post-16732","1":"post","2":"type-post","3":"status-publish","4":"format-standard","5":"has-post-thumbnail","7":"category-joulukalenteri","8":"tag-adventti","9":"tag-joulu","10":"tag-joulukalenteri","11":"tag-jouluperinne"},"jetpack_publicize_connections":[],"jetpack_featured_media_url":"https:\/\/i0.wp.com\/www.nauhalainen.fi\/wp\/wp-content\/uploads\/2021\/11\/Jouluinen-luukku-artikkelikuva-19.jpg?fit=1600%2C900","jetpack_sharing_enabled":true,"jetpack_shortlink":"https:\/\/wp.me\/pa0EdI-4lS","jetpack-related-posts":[],"_links":{"self":[{"href":"http:\/\/www.nauhalainen.fi\/wp\/wp-json\/wp\/v2\/posts\/16732","targetHints":{"allow":["GET"]}}],"collection":[{"href":"http:\/\/www.nauhalainen.fi\/wp\/wp-json\/wp\/v2\/posts"}],"about":[{"href":"http:\/\/www.nauhalainen.fi\/wp\/wp-json\/wp\/v2\/types\/post"}],"author":[{"embeddable":true,"href":"http:\/\/www.nauhalainen.fi\/wp\/wp-json\/wp\/v2\/users\/4"}],"replies":[{"embeddable":true,"href":"http:\/\/www.nauhalainen.fi\/wp\/wp-json\/wp\/v2\/comments?post=16732"}],"version-history":[{"count":2,"href":"http:\/\/www.nauhalainen.fi\/wp\/wp-json\/wp\/v2\/posts\/16732\/revisions"}],"predecessor-version":[{"id":16752,"href":"http:\/\/www.nauhalainen.fi\/wp\/wp-json\/wp\/v2\/posts\/16732\/revisions\/16752"}],"wp:featuredmedia":[{"embeddable":true,"href":"http:\/\/www.nauhalainen.fi\/wp\/wp-json\/wp\/v2\/media\/16437"}],"wp:attachment":[{"href":"http:\/\/www.nauhalainen.fi\/wp\/wp-json\/wp\/v2\/media?parent=16732"}],"wp:term":[{"taxonomy":"category","embeddable":true,"href":"http:\/\/www.nauhalainen.fi\/wp\/wp-json\/wp\/v2\/categories?post=16732"},{"taxonomy":"post_tag","embeddable":true,"href":"http:\/\/www.nauhalainen.fi\/wp\/wp-json\/wp\/v2\/tags?post=16732"}],"curies":[{"name":"wp","href":"https:\/\/api.w.org\/{rel}","templated":true}]}}