{"id":13406,"date":"2020-11-02T09:53:34","date_gmt":"2020-11-02T07:53:34","guid":{"rendered":"http:\/\/www.nauhalainen.fi\/wp\/?p=13406"},"modified":"2020-11-02T09:53:34","modified_gmt":"2020-11-02T07:53:34","slug":"yleistietovisa-9","status":"publish","type":"post","link":"http:\/\/www.nauhalainen.fi\/wp\/yleistietovisa-9\/","title":{"rendered":"Yleistietovisa #9"},"content":{"rendered":"<style type=\"text\/css\" id=\"wq-trivia-custom-css\">.wq-quiz-13159 {\n--wq-question-width: 100%;\n--wq-question-color: #009cff;\n--wq-question-height: auto;\n--wq-bar-color: #00c479;\n--wq-font-color: #444;\n--wq-background-color: #f2f2f2;\n}\n<\/style><!-- wp quiz -->\n<div id=\"wp-quiz-13159\" class=\"wq_quizCtr single trivia_quiz wq-quiz wq-quiz-13159 wq-quiz-trivia wq-layout-single wq-skin-traditional\" data-quiz-id=\"13159\">\n<div class=\"wq-questions wq_questionsCtr\">\n\t<div class=\"wq-question wq_singleQuestionWrapper\" data-index=\"0\">\n\n\t\n\t<div class=\"wq_singleQuestionCtr\">\n\t\t<div class=\"wq_questionTextWrapper quiz-pro-clearfix\">\n\t\t\t<div class=\"wq_questionTextCtr\">\n\t\t\t\t<h4>1. Kuinka monta vuotta Kiinan muuria rakennettiin?<\/h4>\n\t\t\t<\/div>\n\t\t<\/div>\n\n\t\t<div class=\"wq_questionMediaCtr\">\n\t\t\t\t\t<\/div>\n\n\t\t<div class=\"wq-question-answers wq_questionAnswersCtr\">\n\t\t\t\n\t\t\t<div class=\"wq-answers wq_answersWrapper\">\n\t\t\t<div class=\"wq-answer wq_singleAnswerCtr\" data-id=\"2m9lx\">\n\t\t\t<label class=\"wq_answerTxtCtr\">150 vuotta<\/label>\n\t\t<\/div>\n\t\t\t<div class=\"wq-answer wq_singleAnswerCtr\" data-id=\"qkktf\">\n\t\t\t<label class=\"wq_answerTxtCtr\">650 vuotta<\/label>\n\t\t<\/div>\n\t\t\t<div class=\"wq-answer wq_singleAnswerCtr\" data-id=\"8q1lo\">\n\t\t\t<label class=\"wq_answerTxtCtr\">yli 1500 vuotta<\/label>\n\t\t<\/div>\n\t<\/div>\n\t\t<\/div>\n\n\t\t\n\t\t<div class=\"wq-trivia-question-explanation wq_triviaQuestionExplanation\">\n\t\t\t<div class=\"wq-explanation-head wq_ExplanationHead\">\n\t\t\t\t<span class=\"wq-explanation-head-correct\">Correct!<\/span>\n\t\t\t\t<span class=\"wq-explanation-head-incorrect\">Wrong!<\/span>\n\t\t\t<\/div>\n\t\t\t<p class=\"wq-explanation-text wq_QuestionExplanationText\">Kiinan muuri on monesta osasta koostuva, yleisten m\u00e4\u00e4ritelmien mukaan 6 000 \u2013 9 000 kilometrin mittainen ja laajimman m\u00e4\u00e4ritelm\u00e4n mukaan jopa yli 21 000 kilometrin mittainen muinainen rakennelma pohjoisessa Kiinassa. Muuri on suurimmaksi osaksi noin kahdeksan metri\u00e4 korkea ja leveydelt\u00e4\u00e4n 6\u20138 metri\u00e4. Se on rakennettu maasta, kivest\u00e4 ja tiilist\u00e4.<\/p>\n\t\t<\/div>\n\t<\/div>\n\n\t\n<\/div>\n<div class=\"wq-question wq_singleQuestionWrapper\" data-index=\"1\">\n\n\t\n\t<div class=\"wq_singleQuestionCtr\">\n\t\t<div class=\"wq_questionTextWrapper quiz-pro-clearfix\">\n\t\t\t<div class=\"wq_questionTextCtr\">\n\t\t\t\t<h4>2. Kuka on suunnitellut Arabian Kilta- ja sen seuraajan Teema-sarjan astiat?<\/h4>\n\t\t\t<\/div>\n\t\t<\/div>\n\n\t\t<div class=\"wq_questionMediaCtr\">\n\t\t\t\t\t<\/div>\n\n\t\t<div class=\"wq-question-answers wq_questionAnswersCtr\">\n\t\t\t\n\t\t\t<div class=\"wq-answers wq_answersWrapper\">\n\t\t\t<div class=\"wq-answer wq_singleAnswerCtr\" data-id=\"tf5b3\">\n\t\t\t<label class=\"wq_answerTxtCtr\">Aino Anttila<\/label>\n\t\t<\/div>\n\t\t\t<div class=\"wq-answer wq_singleAnswerCtr\" data-id=\"zurx8\">\n\t\t\t<label class=\"wq_answerTxtCtr\">Kaj Franck<\/label>\n\t\t<\/div>\n\t\t\t<div class=\"wq-answer wq_singleAnswerCtr\" data-id=\"rbtao\">\n\t\t\t<label class=\"wq_answerTxtCtr\">Oiva Toikka<\/label>\n\t\t<\/div>\n\t\t\t<div class=\"wq-answer wq_singleAnswerCtr\" data-id=\"enl9s\">\n\t\t\t<label class=\"wq_answerTxtCtr\">Helj\u00e4 Liukko-Sundstr\u00f6m<\/label>\n\t\t<\/div>\n\t<\/div>\n\t\t<\/div>\n\n\t\t\n\t\t<div class=\"wq-trivia-question-explanation wq_triviaQuestionExplanation\">\n\t\t\t<div class=\"wq-explanation-head wq_ExplanationHead\">\n\t\t\t\t<span class=\"wq-explanation-head-correct\">Correct!<\/span>\n\t\t\t\t<span class=\"wq-explanation-head-incorrect\">Wrong!<\/span>\n\t\t\t<\/div>\n\t\t\t<p class=\"wq-explanation-text wq_QuestionExplanationText\">Kaj Gabriel Franck (9. marraskuuta 1911 Viipuri, Suomen suuriruhtinaskunta \u2013 26. syyskuuta 1989 Santor\u00edni, Kreikka) oli suomalainen muotoilija. H\u00e4nelle my\u00f6nnettiin professorin arvonimi 1972 ja h\u00e4n oli taiteilijaprofessori 1973\u20131978. Kaj Franck on kansainv\u00e4lisesti tunnetuimpia suomalaisia keramiikka- ja lasimuotoilijoita ja my\u00f6s ensimm\u00e4isi\u00e4 kierr\u00e4tyksen puolestapuhujia. H\u00e4nt\u00e4 on kutsuttu \"suomalaisen muotoilun omaksitunnoksi\". H\u00e4n karsi muotoillessaan pois kaiken tarpeettoman ja ylim\u00e4\u00e4r\u00e4isen.<\/p>\n\t\t<\/div>\n\t<\/div>\n\n\t\n<\/div>\n<div class=\"wq-question wq_singleQuestionWrapper\" data-index=\"2\">\n\n\t\n\t<div class=\"wq_singleQuestionCtr\">\n\t\t<div class=\"wq_questionTextWrapper quiz-pro-clearfix\">\n\t\t\t<div class=\"wq_questionTextCtr\">\n\t\t\t\t<h4>3. Mitk\u00e4 v\u00e4rit ovat Ven\u00e4j\u00e4n lipussa ylh\u00e4\u00e4lt\u00e4 alasp\u00e4in?<\/h4>\n\t\t\t<\/div>\n\t\t<\/div>\n\n\t\t<div class=\"wq_questionMediaCtr\">\n\t\t\t\t\t<\/div>\n\n\t\t<div class=\"wq-question-answers wq_questionAnswersCtr\">\n\t\t\t\n\t\t\t<div class=\"wq-answers wq_answersWrapper\">\n\t\t\t<div class=\"wq-answer wq_singleAnswerCtr\" data-id=\"inseo\">\n\t\t\t<label class=\"wq_answerTxtCtr\">Punainen, sininen, valkoinen<\/label>\n\t\t<\/div>\n\t\t\t<div class=\"wq-answer wq_singleAnswerCtr\" data-id=\"sp2lf\">\n\t\t\t<label class=\"wq_answerTxtCtr\">sininen, valkoinen, punainen<\/label>\n\t\t<\/div>\n\t\t\t<div class=\"wq-answer wq_singleAnswerCtr\" data-id=\"xegyv\">\n\t\t\t<label class=\"wq_answerTxtCtr\">valkoinen, sininen, punainen<\/label>\n\t\t<\/div>\n\t<\/div>\n\t\t<\/div>\n\n\t\t\n\t\t<div class=\"wq-trivia-question-explanation wq_triviaQuestionExplanation\">\n\t\t\t<div class=\"wq-explanation-head wq_ExplanationHead\">\n\t\t\t\t<span class=\"wq-explanation-head-correct\">Correct!<\/span>\n\t\t\t\t<span class=\"wq-explanation-head-incorrect\">Wrong!<\/span>\n\t\t\t<\/div>\n\t\t\t<p class=\"wq-explanation-text wq_QuestionExplanationText\">Ven\u00e4j\u00e4n nykyist\u00e4 lippua on k\u00e4ytetty vuosina 1699\u20131858, 1883\u20131914, 1917 ja vuodesta 1993 eteenp\u00e4in.<\/p>\n\t\t<\/div>\n\t<\/div>\n\n\t\n<\/div>\n<div class=\"wq-question wq_singleQuestionWrapper\" data-index=\"3\">\n\n\t\n\t<div class=\"wq_singleQuestionCtr\">\n\t\t<div class=\"wq_questionTextWrapper quiz-pro-clearfix\">\n\t\t\t<div class=\"wq_questionTextCtr\">\n\t\t\t\t<h4>4. Mist\u00e4 maasta muinainen Formula 1 -kuski Nelson Piquet on kotoisin?<\/h4>\n\t\t\t<\/div>\n\t\t<\/div>\n\n\t\t<div class=\"wq_questionMediaCtr\">\n\t\t\t\t\t<\/div>\n\n\t\t<div class=\"wq-question-answers wq_questionAnswersCtr\">\n\t\t\t\n\t\t\t<div class=\"wq-answers wq_answersWrapper\">\n\t\t\t<div class=\"wq-answer wq_singleAnswerCtr\" data-id=\"qqqyn\">\n\t\t\t<label class=\"wq_answerTxtCtr\">Ranska<\/label>\n\t\t<\/div>\n\t\t\t<div class=\"wq-answer wq_singleAnswerCtr\" data-id=\"yuhsf\">\n\t\t\t<label class=\"wq_answerTxtCtr\">Belgia<\/label>\n\t\t<\/div>\n\t\t\t<div class=\"wq-answer wq_singleAnswerCtr\" data-id=\"ik8z9\">\n\t\t\t<label class=\"wq_answerTxtCtr\">Brasilia<\/label>\n\t\t<\/div>\n\t<\/div>\n\t\t<\/div>\n\n\t\t\n\t\t<div class=\"wq-trivia-question-explanation wq_triviaQuestionExplanation\">\n\t\t\t<div class=\"wq-explanation-head wq_ExplanationHead\">\n\t\t\t\t<span class=\"wq-explanation-head-correct\">Correct!<\/span>\n\t\t\t\t<span class=\"wq-explanation-head-incorrect\">Wrong!<\/span>\n\t\t\t<\/div>\n\t\t\t<p class=\"wq-explanation-text wq_QuestionExplanationText\">Nelson Piquet Souto Maior (s. 17. elokuuta 1952, Brasilia) on brasilialainen uransa lopettanut kilpa-autoilija ja kolminkertainen Formula 1 -sarjan kuljettajien maailmanmestari.<\/p>\n\t\t<\/div>\n\t<\/div>\n\n\t\n<\/div>\n<div class=\"wq-question wq_singleQuestionWrapper\" data-index=\"4\">\n\n\t\n\t<div class=\"wq_singleQuestionCtr\">\n\t\t<div class=\"wq_questionTextWrapper quiz-pro-clearfix\">\n\t\t\t<div class=\"wq_questionTextCtr\">\n\t\t\t\t<h4>5. Mink\u00e4 sairauden hoitoon p\u00e4\u00e4s\u00e4\u00e4nt\u00f6isesti k\u00e4ytet\u00e4\u00e4n karbametsapiinia sis\u00e4lt\u00e4v\u00e4\u00e4 l\u00e4\u00e4kett\u00e4?<\/h4>\n\t\t\t<\/div>\n\t\t<\/div>\n\n\t\t<div class=\"wq_questionMediaCtr\">\n\t\t\t\t\t<\/div>\n\n\t\t<div class=\"wq-question-answers wq_questionAnswersCtr\">\n\t\t\t\n\t\t\t<div class=\"wq-answers wq_answersWrapper\">\n\t\t\t<div class=\"wq-answer wq_singleAnswerCtr\" data-id=\"23d8v\">\n\t\t\t<label class=\"wq_answerTxtCtr\">masennus<\/label>\n\t\t<\/div>\n\t\t\t<div class=\"wq-answer wq_singleAnswerCtr\" data-id=\"xtguv\">\n\t\t\t<label class=\"wq_answerTxtCtr\">epilepsia<\/label>\n\t\t<\/div>\n\t\t\t<div class=\"wq-answer wq_singleAnswerCtr\" data-id=\"f4dxf\">\n\t\t\t<label class=\"wq_answerTxtCtr\">parkinson<\/label>\n\t\t<\/div>\n\t<\/div>\n\t\t<\/div>\n\n\t\t\n\t\t<div class=\"wq-trivia-question-explanation wq_triviaQuestionExplanation\">\n\t\t\t<div class=\"wq-explanation-head wq_ExplanationHead\">\n\t\t\t\t<span class=\"wq-explanation-head-correct\">Correct!<\/span>\n\t\t\t\t<span class=\"wq-explanation-head-incorrect\">Wrong!<\/span>\n\t\t\t<\/div>\n\t\t\t<p class=\"wq-explanation-text wq_QuestionExplanationText\">Karbamatsepiini on antiepileptinen l\u00e4\u00e4keaine, joka kehitettiin Sveitsiss\u00e4 jo 1950-luvulla. L\u00e4\u00e4ke tuli k\u00e4ytt\u00f6\u00f6n 1960-luvulla. Sit\u00e4 k\u00e4ytettiin alun alkujaan vain pelk\u00e4st\u00e4\u00e4n epilepsian hoitoon. My\u00f6hemmin k\u00e4ytt\u00f6 yleistyi manian ja kaksisuuntaisen mielialah\u00e4iri\u00f6n hoidossa.<\/p>\n\t\t<\/div>\n\t<\/div>\n\n\t\n<\/div>\n<div class=\"wq-question wq_singleQuestionWrapper\" data-index=\"5\">\n\n\t\n\t<div class=\"wq_singleQuestionCtr\">\n\t\t<div class=\"wq_questionTextWrapper quiz-pro-clearfix\">\n\t\t\t<div class=\"wq_questionTextCtr\">\n\t\t\t\t<h4>6. Miss\u00e4 kaupungissa voit k\u00e4vell\u00e4 pitkin kuuluisaa La Ramblaa?<\/h4>\n\t\t\t<\/div>\n\t\t<\/div>\n\n\t\t<div class=\"wq_questionMediaCtr\">\n\t\t\t\t\t<\/div>\n\n\t\t<div class=\"wq-question-answers wq_questionAnswersCtr\">\n\t\t\t\n\t\t\t<div class=\"wq-answers wq_answersWrapper\">\n\t\t\t<div class=\"wq-answer wq_singleAnswerCtr\" data-id=\"mbrl4\">\n\t\t\t<label class=\"wq_answerTxtCtr\">Madrid<\/label>\n\t\t<\/div>\n\t\t\t<div class=\"wq-answer wq_singleAnswerCtr\" data-id=\"ny85h\">\n\t\t\t<label class=\"wq_answerTxtCtr\">Barcelona<\/label>\n\t\t<\/div>\n\t\t\t<div class=\"wq-answer wq_singleAnswerCtr\" data-id=\"wn3ra\">\n\t\t\t<label class=\"wq_answerTxtCtr\">Rio De Janeiro<\/label>\n\t\t<\/div>\n\t<\/div>\n\t\t<\/div>\n\n\t\t\n\t\t<div class=\"wq-trivia-question-explanation wq_triviaQuestionExplanation\">\n\t\t\t<div class=\"wq-explanation-head wq_ExplanationHead\">\n\t\t\t\t<span class=\"wq-explanation-head-correct\">Correct!<\/span>\n\t\t\t\t<span class=\"wq-explanation-head-incorrect\">Wrong!<\/span>\n\t\t\t<\/div>\n\t\t\t<p class=\"wq-explanation-text wq_QuestionExplanationText\">La Rambla on Barcelonan p\u00e4\u00e4katu. Se koostuu useista per\u00e4kk\u00e4isist\u00e4 Rambla-nimisist\u00e4 kaduista, mink\u00e4 vuoksi sit\u00e4 kutsutaan my\u00f6s monikollisella nimell\u00e4 Las Ramblas tai Les Rambles.<\/p>\n\t\t<\/div>\n\t<\/div>\n\n\t\n<\/div>\n<div class=\"wq-question wq_singleQuestionWrapper\" data-index=\"6\">\n\n\t\n\t<div class=\"wq_singleQuestionCtr\">\n\t\t<div class=\"wq_questionTextWrapper quiz-pro-clearfix\">\n\t\t\t<div class=\"wq_questionTextCtr\">\n\t\t\t\t<h4>7. Kuka oli maamme kymmenes presidentti?<\/h4>\n\t\t\t<\/div>\n\t\t<\/div>\n\n\t\t<div class=\"wq_questionMediaCtr\">\n\t\t\t\t\t<\/div>\n\n\t\t<div class=\"wq-question-answers wq_questionAnswersCtr\">\n\t\t\t\n\t\t\t<div class=\"wq-answers wq_answersWrapper\">\n\t\t\t<div class=\"wq-answer wq_singleAnswerCtr\" data-id=\"kx37m\">\n\t\t\t<label class=\"wq_answerTxtCtr\">Mauno Koivisto<\/label>\n\t\t<\/div>\n\t\t\t<div class=\"wq-answer wq_singleAnswerCtr\" data-id=\"8igiq\">\n\t\t\t<label class=\"wq_answerTxtCtr\">Urho Kekkonen<\/label>\n\t\t<\/div>\n\t\t\t<div class=\"wq-answer wq_singleAnswerCtr\" data-id=\"otkrd\">\n\t\t\t<label class=\"wq_answerTxtCtr\">Martti Ahtisaari<\/label>\n\t\t<\/div>\n\t<\/div>\n\t\t<\/div>\n\n\t\t\n\t\t<div class=\"wq-trivia-question-explanation wq_triviaQuestionExplanation\">\n\t\t\t<div class=\"wq-explanation-head wq_ExplanationHead\">\n\t\t\t\t<span class=\"wq-explanation-head-correct\">Correct!<\/span>\n\t\t\t\t<span class=\"wq-explanation-head-incorrect\">Wrong!<\/span>\n\t\t\t<\/div>\n\t\t\t<p class=\"wq-explanation-text wq_QuestionExplanationText\"><\/p>\n\t\t<\/div>\n\t<\/div>\n\n\t\n<\/div>\n<div class=\"wq-question wq_singleQuestionWrapper\" data-index=\"7\">\n\n\t\n\t<div class=\"wq_singleQuestionCtr\">\n\t\t<div class=\"wq_questionTextWrapper quiz-pro-clearfix\">\n\t\t\t<div class=\"wq_questionTextCtr\">\n\t\t\t\t<h4>8. Mik\u00e4 on bodega?<\/h4>\n\t\t\t<\/div>\n\t\t<\/div>\n\n\t\t<div class=\"wq_questionMediaCtr\">\n\t\t\t\t\t<\/div>\n\n\t\t<div class=\"wq-question-answers wq_questionAnswersCtr\">\n\t\t\t\n\t\t\t<div class=\"wq-answers wq_answersWrapper\">\n\t\t\t<div class=\"wq-answer wq_singleAnswerCtr\" data-id=\"amm72\">\n\t\t\t<label class=\"wq_answerTxtCtr\">lautapeli<\/label>\n\t\t<\/div>\n\t\t\t<div class=\"wq-answer wq_singleAnswerCtr\" data-id=\"7vzx5\">\n\t\t\t<label class=\"wq_answerTxtCtr\">korttipeli<\/label>\n\t\t<\/div>\n\t\t\t<div class=\"wq-answer wq_singleAnswerCtr\" data-id=\"5p828\">\n\t\t\t<label class=\"wq_answerTxtCtr\">viinikellari<\/label>\n\t\t<\/div>\n\t<\/div>\n\t\t<\/div>\n\n\t\t\n\t\t<div class=\"wq-trivia-question-explanation wq_triviaQuestionExplanation\">\n\t\t\t<div class=\"wq-explanation-head wq_ExplanationHead\">\n\t\t\t\t<span class=\"wq-explanation-head-correct\">Correct!<\/span>\n\t\t\t\t<span class=\"wq-explanation-head-incorrect\">Wrong!<\/span>\n\t\t\t<\/div>\n\t\t\t<p class=\"wq-explanation-text wq_QuestionExplanationText\">Viinikellarissa s\u00e4ilytet\u00e4\u00e4n mm. arvokkaita viinej\u00e4, joiden halutaan ik\u00e4\u00e4ntyv\u00e4n optimiolosuhteissa.<\/p>\n\t\t<\/div>\n\t<\/div>\n\n\t\n<\/div>\n<div class=\"wq-question wq_singleQuestionWrapper\" data-index=\"8\">\n\n\t\n\t<div class=\"wq_singleQuestionCtr\">\n\t\t<div class=\"wq_questionTextWrapper quiz-pro-clearfix\">\n\t\t\t<div class=\"wq_questionTextCtr\">\n\t\t\t\t<h4>9. Sijaitseeko Atomikatu Pohjois- Etel\u00e4- vai It\u00e4-Hervannassa?<\/h4>\n\t\t\t<\/div>\n\t\t<\/div>\n\n\t\t<div class=\"wq_questionMediaCtr\">\n\t\t\t\t\t<\/div>\n\n\t\t<div class=\"wq-question-answers wq_questionAnswersCtr\">\n\t\t\t\n\t\t\t<div class=\"wq-answers wq_answersWrapper\">\n\t\t\t<div class=\"wq-answer wq_singleAnswerCtr\" data-id=\"8asst\">\n\t\t\t<label class=\"wq_answerTxtCtr\">It\u00e4-<\/label>\n\t\t<\/div>\n\t\t\t<div class=\"wq-answer wq_singleAnswerCtr\" data-id=\"haz7j\">\n\t\t\t<label class=\"wq_answerTxtCtr\">Etel\u00e4-<\/label>\n\t\t<\/div>\n\t\t\t<div class=\"wq-answer wq_singleAnswerCtr\" data-id=\"8se4s\">\n\t\t\t<label class=\"wq_answerTxtCtr\">Pohjois-<\/label>\n\t\t<\/div>\n\t<\/div>\n\t\t<\/div>\n\n\t\t\n\t\t<div class=\"wq-trivia-question-explanation wq_triviaQuestionExplanation\">\n\t\t\t<div class=\"wq-explanation-head wq_ExplanationHead\">\n\t\t\t\t<span class=\"wq-explanation-head-correct\">Correct!<\/span>\n\t\t\t\t<span class=\"wq-explanation-head-incorrect\">Wrong!<\/span>\n\t\t\t<\/div>\n\t\t\t<p class=\"wq-explanation-text wq_QuestionExplanationText\">Atomikatu on pieni kadunp\u00e4tk\u00e4 Etel\u00e4-Hervannassa t\u00e4ynn\u00e4 betonia ja asukkaita.<\/p>\n\t\t<\/div>\n\t<\/div>\n\n\t\n<\/div>\n<div class=\"wq-question wq_singleQuestionWrapper\" data-index=\"9\">\n\n\t\n\t<div class=\"wq_singleQuestionCtr\">\n\t\t<div class=\"wq_questionTextWrapper quiz-pro-clearfix\">\n\t\t\t<div class=\"wq_questionTextCtr\">\n\t\t\t\t<h4>10. Mit\u00e4 seuraa olympiavoittaja\/kuulanty\u00f6nt\u00e4j\u00e4 Arsi Harju edusti?<\/h4>\n\t\t\t<\/div>\n\t\t<\/div>\n\n\t\t<div class=\"wq_questionMediaCtr\">\n\t\t\t\t\t<\/div>\n\n\t\t<div class=\"wq-question-answers wq_questionAnswersCtr\">\n\t\t\t\n\t\t\t<div class=\"wq-answers wq_answersWrapper\">\n\t\t\t<div class=\"wq-answer wq_singleAnswerCtr\" data-id=\"j206d\">\n\t\t\t<label class=\"wq_answerTxtCtr\">HIFK-friidrott<\/label>\n\t\t<\/div>\n\t\t\t<div class=\"wq-answer wq_singleAnswerCtr\" data-id=\"52yvg\">\n\t\t\t<label class=\"wq_answerTxtCtr\">Kauhajoen Karhu<\/label>\n\t\t<\/div>\n\t\t\t<div class=\"wq-answer wq_singleAnswerCtr\" data-id=\"1woiq\">\n\t\t\t<label class=\"wq_answerTxtCtr\">Perhon Kiri<\/label>\n\t\t<\/div>\n\t<\/div>\n\t\t<\/div>\n\n\t\t\n\t\t<div class=\"wq-trivia-question-explanation wq_triviaQuestionExplanation\">\n\t\t\t<div class=\"wq-explanation-head wq_ExplanationHead\">\n\t\t\t\t<span class=\"wq-explanation-head-correct\">Correct!<\/span>\n\t\t\t\t<span class=\"wq-explanation-head-incorrect\">Wrong!<\/span>\n\t\t\t<\/div>\n\t\t\t<p class=\"wq-explanation-text wq_QuestionExplanationText\">Harjun uran suurin saavutus on olympiakulta vuoden 2000 kisoissa Sydneyss\u00e4 tuloksella 21,29 metri\u00e4. Harjun enn\u00e4tys on Sydneyn olympialaisten karsinnassa ty\u00f6nnetty 21,39 metri\u00e4. Vuoden 2001 yleisurheilun MM-kilpailuissa Harju ty\u00f6nsi pronssia tuloksella 20,93 metri\u00e4.<\/p>\n\t\t<\/div>\n\t<\/div>\n\n\t\n<\/div>\n<\/div>\n<\/div>\n<!-- \/\/ wp quiz-->\n\n<p>Visan luonut: Matti R.<\/p>\n","protected":false},"excerpt":{"rendered":"<div class=\"mh-excerpt\"><p>Tied\u00e4, ellet arvaa! <a class=\"mh-excerpt-more\" href=\"http:\/\/www.nauhalainen.fi\/wp\/yleistietovisa-9\/\" title=\"Yleistietovisa #9\">[&#8230;]<\/a><\/p>\n<\/div>","protected":false},"author":4,"featured_media":12087,"comment_status":"open","ping_status":"open","sticky":false,"template":"","format":"standard","meta":{"jetpack_post_was_ever_published":false,"_jetpack_newsletter_access":"","_jetpack_dont_email_post_to_subs":false,"_jetpack_newsletter_tier_id":0,"_jetpack_memberships_contains_paywalled_content":false,"_jetpack_memberships_contains_paid_content":false,"footnotes":"","jetpack_publicize_message":"","jetpack_publicize_feature_enabled":true,"jetpack_social_post_already_shared":true,"jetpack_social_options":{"image_generator_settings":{"template":"highway","enabled":false},"version":2}},"categories":[365],"tags":[1245,1246,1325],"class_list":{"0":"post-13406","1":"post","2":"type-post","3":"status-publish","4":"format-standard","5":"has-post-thumbnail","7":"category-tiatovisa","8":"tag-tietovisa","9":"tag-visa","10":"tag-yleistietovisa"},"jetpack_publicize_connections":[],"jetpack_featured_media_url":"https:\/\/i0.wp.com\/www.nauhalainen.fi\/wp\/wp-content\/uploads\/2020\/05\/yleistietovisa.jpg?fit=1280%2C720","jetpack_sharing_enabled":true,"jetpack_shortlink":"https:\/\/wp.me\/pa0EdI-3ue","jetpack-related-posts":[],"_links":{"self":[{"href":"http:\/\/www.nauhalainen.fi\/wp\/wp-json\/wp\/v2\/posts\/13406","targetHints":{"allow":["GET"]}}],"collection":[{"href":"http:\/\/www.nauhalainen.fi\/wp\/wp-json\/wp\/v2\/posts"}],"about":[{"href":"http:\/\/www.nauhalainen.fi\/wp\/wp-json\/wp\/v2\/types\/post"}],"author":[{"embeddable":true,"href":"http:\/\/www.nauhalainen.fi\/wp\/wp-json\/wp\/v2\/users\/4"}],"replies":[{"embeddable":true,"href":"http:\/\/www.nauhalainen.fi\/wp\/wp-json\/wp\/v2\/comments?post=13406"}],"version-history":[{"count":3,"href":"http:\/\/www.nauhalainen.fi\/wp\/wp-json\/wp\/v2\/posts\/13406\/revisions"}],"predecessor-version":[{"id":13605,"href":"http:\/\/www.nauhalainen.fi\/wp\/wp-json\/wp\/v2\/posts\/13406\/revisions\/13605"}],"wp:featuredmedia":[{"embeddable":true,"href":"http:\/\/www.nauhalainen.fi\/wp\/wp-json\/wp\/v2\/media\/12087"}],"wp:attachment":[{"href":"http:\/\/www.nauhalainen.fi\/wp\/wp-json\/wp\/v2\/media?parent=13406"}],"wp:term":[{"taxonomy":"category","embeddable":true,"href":"http:\/\/www.nauhalainen.fi\/wp\/wp-json\/wp\/v2\/categories?post=13406"},{"taxonomy":"post_tag","embeddable":true,"href":"http:\/\/www.nauhalainen.fi\/wp\/wp-json\/wp\/v2\/tags?post=13406"}],"curies":[{"name":"wp","href":"https:\/\/api.w.org\/{rel}","templated":true}]}}