{"id":12827,"date":"2020-08-11T13:44:07","date_gmt":"2020-08-11T10:44:07","guid":{"rendered":"http:\/\/www.nauhalainen.fi\/wp\/?p=12827"},"modified":"2020-08-11T13:44:07","modified_gmt":"2020-08-11T10:44:07","slug":"beirut-lukasenka-maskisuositus-nauhalaisen-podcast","status":"publish","type":"post","link":"http:\/\/www.nauhalainen.fi\/wp\/beirut-lukasenka-maskisuositus-nauhalaisen-podcast\/","title":{"rendered":"Beirut \/ Luka\u0161enka \/ Maskisuositus &#8211; Nauhalaisen podcast"},"content":{"rendered":"<p><iframe loading=\"lazy\" title=\"Beirut \/ Luka\u0161enka \/ Maskisuositus - Nauhalaisen podcast\" width=\"500\" height=\"281\" src=\"https:\/\/www.youtube.com\/embed\/eowXT7jDm-0?feature=oembed\" frameborder=\"0\" allow=\"accelerometer; autoplay; clipboard-write; encrypted-media; gyroscope; picture-in-picture; web-share\" referrerpolicy=\"strict-origin-when-cross-origin\" allowfullscreen><\/iframe><\/p>\n<p>Mielenosoituksia Libanonissa ja Valko-Ven\u00e4j\u00e4ll\u00e4. Nauhalainen k\u00e4y l\u00e4pi mellakoiden taustasyit\u00e4 ja p\u00e4ivitt\u00e4\u00e4 Suomen koronatilannetta.<\/p>\n","protected":false},"excerpt":{"rendered":"<div class=\"mh-excerpt\"><p>Mielenosoituksia Libanonissa ja Valko-Ven\u00e4j\u00e4ll\u00e4. Nauhalainen k\u00e4y l\u00e4pi mellakoiden taustasyit\u00e4 ja p\u00e4ivitt\u00e4\u00e4 Suomen koronatilannetta. <a class=\"mh-excerpt-more\" href=\"http:\/\/www.nauhalainen.fi\/wp\/beirut-lukasenka-maskisuositus-nauhalaisen-podcast\/\" title=\"Beirut \/ Luka\u0161enka \/ Maskisuositus &#8211; Nauhalaisen podcast\">[&#8230;]<\/a><\/p>\n<\/div>","protected":false},"author":4,"featured_media":8259,"comment_status":"open","ping_status":"open","sticky":false,"template":"","format":"video","meta":{"jetpack_post_was_ever_published":false,"_jetpack_newsletter_access":"","_jetpack_dont_email_post_to_subs":false,"_jetpack_newsletter_tier_id":0,"_jetpack_memberships_contains_paywalled_content":false,"_jetpack_memberships_contains_paid_content":false,"footnotes":"","jetpack_publicize_message":"","jetpack_publicize_feature_enabled":true,"jetpack_social_post_already_shared":true,"jetpack_social_options":{"image_generator_settings":{"template":"highway","enabled":false},"version":2}},"categories":[108,412,403],"tags":[1276,1280,1012,1275,1279,1277,1182,1144,798,1278],"class_list":{"0":"post-12827","1":"post","2":"type-post","3":"status-publish","4":"format-video","5":"has-post-thumbnail","7":"category-ajatuksia","8":"category-historia-ja-yhteiskunta","9":"category-kuvat-ja-videot","10":"tag-beirut","11":"tag-kasvomaski","12":"tag-koronavirus","13":"tag-libanon","14":"tag-lukashenko","15":"tag-mellakka","16":"tag-mielenosoitus","17":"tag-presidentinvaalit","18":"tag-suomi","19":"tag-valko-venaja","20":"post_format-post-format-video"},"jetpack_publicize_connections":[],"jetpack_featured_media_url":"https:\/\/i0.wp.com\/www.nauhalainen.fi\/wp\/wp-content\/uploads\/2019\/07\/Podcast.jpg?fit=2600%2C1733","jetpack_sharing_enabled":true,"jetpack_shortlink":"https:\/\/wp.me\/pa0EdI-3kT","jetpack-related-posts":[],"_links":{"self":[{"href":"http:\/\/www.nauhalainen.fi\/wp\/wp-json\/wp\/v2\/posts\/12827","targetHints":{"allow":["GET"]}}],"collection":[{"href":"http:\/\/www.nauhalainen.fi\/wp\/wp-json\/wp\/v2\/posts"}],"about":[{"href":"http:\/\/www.nauhalainen.fi\/wp\/wp-json\/wp\/v2\/types\/post"}],"author":[{"embeddable":true,"href":"http:\/\/www.nauhalainen.fi\/wp\/wp-json\/wp\/v2\/users\/4"}],"replies":[{"embeddable":true,"href":"http:\/\/www.nauhalainen.fi\/wp\/wp-json\/wp\/v2\/comments?post=12827"}],"version-history":[{"count":2,"href":"http:\/\/www.nauhalainen.fi\/wp\/wp-json\/wp\/v2\/posts\/12827\/revisions"}],"predecessor-version":[{"id":12829,"href":"http:\/\/www.nauhalainen.fi\/wp\/wp-json\/wp\/v2\/posts\/12827\/revisions\/12829"}],"wp:featuredmedia":[{"embeddable":true,"href":"http:\/\/www.nauhalainen.fi\/wp\/wp-json\/wp\/v2\/media\/8259"}],"wp:attachment":[{"href":"http:\/\/www.nauhalainen.fi\/wp\/wp-json\/wp\/v2\/media?parent=12827"}],"wp:term":[{"taxonomy":"category","embeddable":true,"href":"http:\/\/www.nauhalainen.fi\/wp\/wp-json\/wp\/v2\/categories?post=12827"},{"taxonomy":"post_tag","embeddable":true,"href":"http:\/\/www.nauhalainen.fi\/wp\/wp-json\/wp\/v2\/tags?post=12827"}],"curies":[{"name":"wp","href":"https:\/\/api.w.org\/{rel}","templated":true}]}}